{"id":84661,"date":"2021-10-23T13:07:34","date_gmt":"2021-10-23T11:07:34","guid":{"rendered":"https:\/\/www.messinaoggi.it\/website\/2021\/10\/23\/lavoro-bonomi-piu-risorse-per-taglio-del-cuneo-fiscale\/"},"modified":"2021-10-23T13:07:34","modified_gmt":"2021-10-23T11:07:34","slug":"lavoro-bonomi-piu-risorse-per-taglio-del-cuneo-fiscale","status":"publish","type":"post","link":"https:\/\/www.messinaoggi.it\/website\/2021\/10\/23\/lavoro-bonomi-piu-risorse-per-taglio-del-cuneo-fiscale\/","title":{"rendered":"Lavoro, Bonomi \u201cPi\u00f9 risorse per taglio del cuneo fiscale\u201d"},"content":{"rendered":"<div>NAPOLI (ITALPRESS) &#8211; &#8220;Quello che auspico \u00e8 che ci siano maggiori risorse sul taglio del cuneo fiscale, che \u00e8 il quinto al mondo, lo dice l&#8217;Ocse. Ancora oggi non si \u00e8 capito come si vuole intervenire. Io ribadisco che la nostra posizione \u00e8 un forte taglio del cuneo fiscale per mettere pi\u00f9 soldi in tasca ai lavoratori e stimolare la domanda interna che \u00e8 rimasta ferma&#8221;. Lo ha detto il presidente di Confindustria, Carlo Bonomi, a margine della giornata conclusiva del convegno dei Giovani imprenditori. &#8220;Il costo del lavoro &#8211; aggiunge Bonomi &#8211; \u00e8 l&#8217;unico settore sul quale poter intervenire per rendere competitivi i nostri prodotti, visto che come Paese trasformatore non possiamo fare niente sull&#8217;aumento delle materie prime i cui costi sono schizzati alle stelle e il costo dell&#8217;energia aumenta ogni giorno&#8221;. In tema di pensioni, il leader degli industriali osserva che &#8220;Quota 100 non ci \u00e8 mai piaciuta. Ricordo che ci era stato detto che per ogni persona che andava in pensione ne venivano assunte tre. I dati dell&#8217;Istat dicono 0,4. Una manovra che da qua al 2018 ci costa gi\u00e0 12 miliardi vuol dire \u00e8 costata tanto e non ha raggiunto gli obiettivi. Credo che ci sia un tema di lavoro usuranti e su questo dobbiamo lavorare. Lo scalone va affrontato, ma il problema credo siano le quote. Ricordo a tutti che abbiamo 9 sistemi di prepensionamento. Ognuno lascia debito a carico delle future generazioni senza creare nuovi posti di lavoro. E credo che 9 sistemi di prepensionamento siano gi\u00e0 abbastanza. Forse una riorganizzazione dei lavori usuranti \u00e8 la strada da fare&#8221;, conclude.<br \/>(ITALPRESS).<\/div>\n<div id=\"div-gpt-ad-Messinaoggi.it-DSK-300x250-corpoart\" style=\"text-align:center;margin:0 auto;\"><\/div><\/p><div id=\"videoincontent\" style=\"clear:both\";><\/div>","protected":false},"excerpt":{"rendered":"<p>NAPOLI (ITALPRESS) &#8211; &#8220;Quello che auspico \u00e8 che ci siano maggiori risorse sul taglio del cuneo fiscale, che \u00e8 il quinto al mondo, lo dice l&#8217;Ocse. Ancora oggi non si \u00e8 capito come si vuole intervenire. Io ribadisco che la nostra posizione \u00e8 un forte taglio del cuneo fiscale per mettere pi\u00f9 soldi in tasca [&hellip;]<\/p>\n","protected":false},"author":18,"featured_media":84662,"comment_status":"closed","ping_status":"closed","sticky":false,"template":"","format":"standard","meta":{"ub_ctt_via":"","_mi_skip_tracking":false},"categories":[446],"tags":[783],"featured_image_src":"https:\/\/www.messinaoggi.it\/website\/wp-content\/uploads\/2021\/10\/20211023_0815.jpg","author_info":{"display_name":"Admin","author_link":"https:\/\/www.messinaoggi.it\/website\/author\/admin\/"},"digistream_id":0,"digistream":false,"_links":{"self":[{"href":"https:\/\/www.messinaoggi.it\/website\/wp-json\/wp\/v2\/posts\/84661"}],"collection":[{"href":"https:\/\/www.messinaoggi.it\/website\/wp-json\/wp\/v2\/posts"}],"about":[{"href":"https:\/\/www.messinaoggi.it\/website\/wp-json\/wp\/v2\/types\/post"}],"author":[{"embeddable":true,"href":"https:\/\/www.messinaoggi.it\/website\/wp-json\/wp\/v2\/users\/18"}],"replies":[{"embeddable":true,"href":"https:\/\/www.messinaoggi.it\/website\/wp-json\/wp\/v2\/comments?post=84661"}],"version-history":[{"count":0,"href":"https:\/\/www.messinaoggi.it\/website\/wp-json\/wp\/v2\/posts\/84661\/revisions"}],"wp:featuredmedia":[{"embeddable":true,"href":"https:\/\/www.messinaoggi.it\/website\/wp-json\/wp\/v2\/media\/84662"}],"wp:attachment":[{"href":"https:\/\/www.messinaoggi.it\/website\/wp-json\/wp\/v2\/media?parent=84661"}],"wp:term":[{"taxonomy":"category","embeddable":true,"href":"https:\/\/www.messinaoggi.it\/website\/wp-json\/wp\/v2\/categories?post=84661"},{"taxonomy":"post_tag","embeddable":true,"href":"https:\/\/www.messinaoggi.it\/website\/wp-json\/wp\/v2\/tags?post=84661"}],"curies":[{"name":"wp","href":"https:\/\/api.w.org\/{rel}","templated":true}]}}