{"id":84649,"date":"2021-10-23T10:07:33","date_gmt":"2021-10-23T08:07:33","guid":{"rendered":"https:\/\/www.messinaoggi.it\/website\/2021\/10\/23\/fedriga-berlusconi-nome-spendibile-per-il-quirinale\/"},"modified":"2021-10-23T10:07:33","modified_gmt":"2021-10-23T08:07:33","slug":"fedriga-berlusconi-nome-spendibile-per-il-quirinale","status":"publish","type":"post","link":"https:\/\/www.messinaoggi.it\/website\/2021\/10\/23\/fedriga-berlusconi-nome-spendibile-per-il-quirinale\/","title":{"rendered":"Fedriga \u201cBerlusconi nome spendibile per il Quirinale\u201d"},"content":{"rendered":"<div>ROMA (ITALPRESS) &#8211; &#8220;Penso che quello di Silvio Berlusconi sia un nome spendibile, non \u00e8 l&#8217;unico, ma \u00e8 spendibile. E&#8217; una persona che ha avuto un&#8217;esperienza di Governo molto importante e credo che questo sia un vantaggio. Credo che una valutazione si possa fare scevri da ideologie&#8221;. Lo ha detto Massimiliano Fedriga, presidente della Regione Friuli Venezia Giulia e della Conferenza delle Regioni, ospite a &#8220;Sabato Anch&#8217;io&#8221; su Radio1 in merito all&#8217;ipotesi di Silvio Berlusconi come prossimo presidente della Repubblica. &#8220;Come Conferenza delle Regioni abbiamo mandato pi\u00f9 volte delle sollecitazioni al Governo perch\u00e8 abbiamo bisogno di chiarimenti, dobbiamo capire e condividere con estrema trasparenza e rapidit\u00e0 come vengono spese queste risorse, perch\u00e8 al momento non \u00e8 chiaro come saranno spese dai ministeri e come saranno coinvolte le Regioni&#8221;, ha detto in merito al Pnrr. &#8220;Se le Regioni non vengono coinvolte si rischia un flop, vogliamo prenderci le nostre responsabilit\u00e0, ma vogliamo avere il tempo e le condizioni per poterlo fare. Al momento ci sono ancora molti dubbi, senza spazio di condivisione rischiamo di non riuscire a organizzare bene tutto e rispettare i tempi&#8221;, ha aggiunto.<br \/>(ITALPRESS).<\/div>\n<div id=\"div-gpt-ad-Messinaoggi.it-DSK-300x250-corpoart\" style=\"text-align:center;margin:0 auto;\"><\/div><\/p><div id=\"videoincontent\" style=\"clear:both\";><\/div>","protected":false},"excerpt":{"rendered":"<p>ROMA (ITALPRESS) &#8211; &#8220;Penso che quello di Silvio Berlusconi sia un nome spendibile, non \u00e8 l&#8217;unico, ma \u00e8 spendibile. E&#8217; una persona che ha avuto un&#8217;esperienza di Governo molto importante e credo che questo sia un vantaggio. Credo che una valutazione si possa fare scevri da ideologie&#8221;. Lo ha detto Massimiliano Fedriga, presidente della Regione [&hellip;]<\/p>\n","protected":false},"author":18,"featured_media":84650,"comment_status":"closed","ping_status":"closed","sticky":false,"template":"","format":"standard","meta":{"ub_ctt_via":"","_mi_skip_tracking":false},"categories":[446],"tags":[783],"featured_image_src":"https:\/\/www.messinaoggi.it\/website\/wp-content\/uploads\/2021\/10\/20211023_0130-700x486-1.jpg","author_info":{"display_name":"Admin","author_link":"https:\/\/www.messinaoggi.it\/website\/author\/admin\/"},"digistream_id":0,"digistream":false,"_links":{"self":[{"href":"https:\/\/www.messinaoggi.it\/website\/wp-json\/wp\/v2\/posts\/84649"}],"collection":[{"href":"https:\/\/www.messinaoggi.it\/website\/wp-json\/wp\/v2\/posts"}],"about":[{"href":"https:\/\/www.messinaoggi.it\/website\/wp-json\/wp\/v2\/types\/post"}],"author":[{"embeddable":true,"href":"https:\/\/www.messinaoggi.it\/website\/wp-json\/wp\/v2\/users\/18"}],"replies":[{"embeddable":true,"href":"https:\/\/www.messinaoggi.it\/website\/wp-json\/wp\/v2\/comments?post=84649"}],"version-history":[{"count":0,"href":"https:\/\/www.messinaoggi.it\/website\/wp-json\/wp\/v2\/posts\/84649\/revisions"}],"wp:featuredmedia":[{"embeddable":true,"href":"https:\/\/www.messinaoggi.it\/website\/wp-json\/wp\/v2\/media\/84650"}],"wp:attachment":[{"href":"https:\/\/www.messinaoggi.it\/website\/wp-json\/wp\/v2\/media?parent=84649"}],"wp:term":[{"taxonomy":"category","embeddable":true,"href":"https:\/\/www.messinaoggi.it\/website\/wp-json\/wp\/v2\/categories?post=84649"},{"taxonomy":"post_tag","embeddable":true,"href":"https:\/\/www.messinaoggi.it\/website\/wp-json\/wp\/v2\/tags?post=84649"}],"curies":[{"name":"wp","href":"https:\/\/api.w.org\/{rel}","templated":true}]}}