{"id":84621,"date":"2021-10-22T20:17:32","date_gmt":"2021-10-22T18:17:32","guid":{"rendered":"https:\/\/www.messinaoggi.it\/website\/2021\/10\/22\/emergenza-bare-a-palermo-salvini-mai-vista-una-situazione-del-genere\/"},"modified":"2021-10-22T20:17:32","modified_gmt":"2021-10-22T18:17:32","slug":"emergenza-bare-a-palermo-salvini-mai-vista-una-situazione-del-genere","status":"publish","type":"post","link":"https:\/\/www.messinaoggi.it\/website\/2021\/10\/22\/emergenza-bare-a-palermo-salvini-mai-vista-una-situazione-del-genere\/","title":{"rendered":"Emergenza bare a Palermo, Salvini: \u201cMai vista una situazione del genere\u201d"},"content":{"rendered":"<div>\n<p>PALERMO (ITALPRESS) \u2013 \u201cBare accatastate ai Rotoli? Bisogna risolvere in fretta questa situazione anche perch\u00e8 non pu\u00f2 che peggiorare, quindi porter\u00f2 la questione anche sul tavolo del Governo. Fin qui \u00e8 mancata la pianificazione. Non possiamo lamentarci, dare degna sepoltura ai morti non pu\u00f2 essere terreno di battaglia politica, chieder\u00f2 io personalmente ai ministri della Lega, adesso c\u2019\u00e8 la manovra economica, di trovare dei soldi per l\u2019emergenza. Qui il problema non sono i soldi ma gli spazi ed il personale. Sono stato a vedere le centinaia di bare insepolte, fra poco \u00e8 la ricorrenza del 2 novembre, diciamo che anche oggi avvicinarsi \u00e8 complicato per vari motivi che potete immaginare\u201d. Lo ha detto il leader della Lega, Matteo Salvini, in visita al cimitero dei Rotoli a Palermo. <br \/>\u201cQui ci saranno migliaia di donne e uomini che verrano a salutare i loro morti fra 19 giorni, dobbiamo fare l\u2019impossibile tutti insieme per risolvere almeno una parte del problema. C\u2019\u00e8 anche carenza di personale, \u00e8 un comune in predissesto, c\u2019\u00e8 il problema dei bilanci truccati quindi diciamo che non mancano i problemi. Mi impegno a trovare a livello nazionale dei soldi, il problema \u00e8 che se hai dei soldi ma non hai gli spazi contano poco. Per\u00f2 \u00e8 la prima volta in tanti anni che trovo una situazione del genere, ho girato l\u2019Italia per tanti anni ed una situazione cos\u00ec non l\u2019ho mai vista in nessuna citt\u00e0 italiana\u201d.<br \/>(ITALPRESS).<div id=\"div-gpt-ad-Messinaoggi.it-DSK-300x250-corpoart\" style=\"text-align:center;margin:0 auto;\"><\/div><\/p>\n<\/div>\n<div id=\"videoincontent\" style=\"clear:both\";><\/div>","protected":false},"excerpt":{"rendered":"<p>PALERMO (ITALPRESS) \u2013 \u201cBare accatastate ai Rotoli? Bisogna risolvere in fretta questa situazione anche perch\u00e8 non pu\u00f2 che peggiorare, quindi porter\u00f2 la questione anche sul tavolo del Governo. Fin qui \u00e8 mancata la pianificazione. Non possiamo lamentarci, dare degna sepoltura ai morti non pu\u00f2 essere terreno di battaglia politica, chieder\u00f2 io personalmente ai ministri della [&hellip;]<\/p>\n","protected":false},"author":18,"featured_media":84622,"comment_status":"closed","ping_status":"closed","sticky":false,"template":"","format":"standard","meta":{"ub_ctt_via":"","_mi_skip_tracking":false},"categories":[2449],"tags":[783],"featured_image_src":"https:\/\/www.messinaoggi.it\/website\/wp-content\/uploads\/2021\/10\/20211022_2304.jpg","author_info":{"display_name":"Admin","author_link":"https:\/\/www.messinaoggi.it\/website\/author\/admin\/"},"digistream_id":0,"digistream":false,"_links":{"self":[{"href":"https:\/\/www.messinaoggi.it\/website\/wp-json\/wp\/v2\/posts\/84621"}],"collection":[{"href":"https:\/\/www.messinaoggi.it\/website\/wp-json\/wp\/v2\/posts"}],"about":[{"href":"https:\/\/www.messinaoggi.it\/website\/wp-json\/wp\/v2\/types\/post"}],"author":[{"embeddable":true,"href":"https:\/\/www.messinaoggi.it\/website\/wp-json\/wp\/v2\/users\/18"}],"replies":[{"embeddable":true,"href":"https:\/\/www.messinaoggi.it\/website\/wp-json\/wp\/v2\/comments?post=84621"}],"version-history":[{"count":0,"href":"https:\/\/www.messinaoggi.it\/website\/wp-json\/wp\/v2\/posts\/84621\/revisions"}],"wp:featuredmedia":[{"embeddable":true,"href":"https:\/\/www.messinaoggi.it\/website\/wp-json\/wp\/v2\/media\/84622"}],"wp:attachment":[{"href":"https:\/\/www.messinaoggi.it\/website\/wp-json\/wp\/v2\/media?parent=84621"}],"wp:term":[{"taxonomy":"category","embeddable":true,"href":"https:\/\/www.messinaoggi.it\/website\/wp-json\/wp\/v2\/categories?post=84621"},{"taxonomy":"post_tag","embeddable":true,"href":"https:\/\/www.messinaoggi.it\/website\/wp-json\/wp\/v2\/tags?post=84621"}],"curies":[{"name":"wp","href":"https:\/\/api.w.org\/{rel}","templated":true}]}}