{"id":84619,"date":"2021-10-22T20:07:31","date_gmt":"2021-10-22T18:07:31","guid":{"rendered":"https:\/\/www.messinaoggi.it\/website\/2021\/10\/22\/fitarco-celebra-medaglie-tokyo-scarzella-giochi-eccezionali\/"},"modified":"2021-10-22T20:07:31","modified_gmt":"2021-10-22T18:07:31","slug":"fitarco-celebra-medaglie-tokyo-scarzella-giochi-eccezionali","status":"publish","type":"post","link":"https:\/\/www.messinaoggi.it\/website\/2021\/10\/22\/fitarco-celebra-medaglie-tokyo-scarzella-giochi-eccezionali\/","title":{"rendered":"Fitarco celebra medaglie Tokyo, Scarzella \u201cGiochi eccezionali\u201d"},"content":{"rendered":"<div>ROMA (ITALPRESS) &#8211; Una grande festa per celebrare le medaglie olimpiche e paralimpiche di Tokyo. La Fitarco ha ringraziato atlete e atleti protagonisti la scorsa estate in Giappone nel Salone d&#8217;Onore del Coni, al Foro Italico. Con i presidenti del Comitato olimpico nazionale Giovanni Malag\u00f2 e del Comitato italiano paralimpico Luca Pancalli, il numero uno della Federazione italiana tiro con l&#8217;arco Mario Scarzella ha premiato Mauro Nespoli e Lucilla Boari, rispettivamente argento e bronzo nelle prove individuali, Maria Andrea Virgilio (bronzo nel compound open), Vincenza Petrilli (argento nel ricurvo open) e il duo formato da Elisabetta Mijno e Stefano Travisani (argento nel ricurvo mixed team). &#8220;Difficile non dirvi grazie: vivere insieme le medaglie vinte a Tokyo \u00e8 stato eccezionale &#8211; ha dichiarato Scarzella &#8211; Voglio ringraziare lo staff: spostare i Giochi di un anno \u00e8 stato difficile per gli atleti, ma ce l&#8217;hanno fatta in un&#8217;Olimpiade particolare, piena di restrizioni. Ringrazio anche il Consiglio federale e le forze armate, che ci hanno supportato in modo eccezionale&#8221;. A Tokyo l&#8217;Italia ha raggiunto quota 9 medaglie nella storia olimpica. E per la prima volta in Giappone gli azzurri sono saliti due volte sul podio nella stessa edizione. &#8220;Scarzella deve essere contento &#8211; ha sottolineato Malag\u00f2 &#8211; Ha dato tanto e questo risultato lo premia. Voglio ringraziare atleti, tecnici, dirigenti: la Fitarco ha sempre riservato grandi soddisfazioni al Coni&#8221;. Per quanto riguarda i Giochi Paralimpici, a Tokyo l&#8217;Italia \u00e8 infatti salita sul podio per la decima edizione consecutiva, raggiungendo quota 31 medaglie in 13 manifestazioni. &#8220;Nel guardare questa commistione tra atleti olimpici e paralimpici c&#8217;\u00e8 soddisfazione &#8211; ha ammesso Pancalli &#8211; La Fitarco da sempre \u00e8 riuscita a coniugare con straordinaria normalit\u00e0 olimpismo e paralimpismo. In Giappone abbiamo sofferto con il presidente Scarzella, sotto l&#8217;acqua, ma i risultati sono venuti e io ne sono fiero&#8221;.<br \/>(ITALPRESS).<\/div>\n<div id=\"div-gpt-ad-Messinaoggi.it-DSK-300x250-corpoart\" style=\"text-align:center;margin:0 auto;\"><\/div><\/p><div id=\"videoincontent\" style=\"clear:both\";><\/div>","protected":false},"excerpt":{"rendered":"<p>ROMA (ITALPRESS) &#8211; Una grande festa per celebrare le medaglie olimpiche e paralimpiche di Tokyo. La Fitarco ha ringraziato atlete e atleti protagonisti la scorsa estate in Giappone nel Salone d&#8217;Onore del Coni, al Foro Italico. Con i presidenti del Comitato olimpico nazionale Giovanni Malag\u00f2 e del Comitato italiano paralimpico Luca Pancalli, il numero uno [&hellip;]<\/p>\n","protected":false},"author":18,"featured_media":84620,"comment_status":"closed","ping_status":"closed","sticky":false,"template":"","format":"standard","meta":{"ub_ctt_via":"","_mi_skip_tracking":false},"categories":[446],"tags":[783],"featured_image_src":"https:\/\/www.messinaoggi.it\/website\/wp-content\/uploads\/2021\/10\/20211022_2282.jpg","author_info":{"display_name":"Admin","author_link":"https:\/\/www.messinaoggi.it\/website\/author\/admin\/"},"digistream_id":0,"digistream":false,"_links":{"self":[{"href":"https:\/\/www.messinaoggi.it\/website\/wp-json\/wp\/v2\/posts\/84619"}],"collection":[{"href":"https:\/\/www.messinaoggi.it\/website\/wp-json\/wp\/v2\/posts"}],"about":[{"href":"https:\/\/www.messinaoggi.it\/website\/wp-json\/wp\/v2\/types\/post"}],"author":[{"embeddable":true,"href":"https:\/\/www.messinaoggi.it\/website\/wp-json\/wp\/v2\/users\/18"}],"replies":[{"embeddable":true,"href":"https:\/\/www.messinaoggi.it\/website\/wp-json\/wp\/v2\/comments?post=84619"}],"version-history":[{"count":0,"href":"https:\/\/www.messinaoggi.it\/website\/wp-json\/wp\/v2\/posts\/84619\/revisions"}],"wp:featuredmedia":[{"embeddable":true,"href":"https:\/\/www.messinaoggi.it\/website\/wp-json\/wp\/v2\/media\/84620"}],"wp:attachment":[{"href":"https:\/\/www.messinaoggi.it\/website\/wp-json\/wp\/v2\/media?parent=84619"}],"wp:term":[{"taxonomy":"category","embeddable":true,"href":"https:\/\/www.messinaoggi.it\/website\/wp-json\/wp\/v2\/categories?post=84619"},{"taxonomy":"post_tag","embeddable":true,"href":"https:\/\/www.messinaoggi.it\/website\/wp-json\/wp\/v2\/tags?post=84619"}],"curies":[{"name":"wp","href":"https:\/\/api.w.org\/{rel}","templated":true}]}}