{"id":84577,"date":"2021-10-22T16:07:35","date_gmt":"2021-10-22T14:07:35","guid":{"rendered":"https:\/\/www.messinaoggi.it\/website\/2021\/10\/22\/bonetti-per-la-prima-volta-strategia-nazionale-sulla-parita-di-genere\/"},"modified":"2021-10-22T16:07:35","modified_gmt":"2021-10-22T14:07:35","slug":"bonetti-per-la-prima-volta-strategia-nazionale-sulla-parita-di-genere","status":"publish","type":"post","link":"https:\/\/www.messinaoggi.it\/website\/2021\/10\/22\/bonetti-per-la-prima-volta-strategia-nazionale-sulla-parita-di-genere\/","title":{"rendered":"Bonetti \u201cPer la prima volta strategia nazionale sulla parit\u00e0 di genere\u201d"},"content":{"rendered":"<div>ROMA (ITALPRESS) &#8211; &#8220;Per la prima volta in Italia abbiamo approvato una strategia nazionale per la parit\u00e0 di genere, coerente con la strategia europea, che lavora concretamente sui temi del lavoro; del reddito; delle competenze, in particolare quelle Stem, finanziarie e digitali; sulla condivisione uomo\/donna del carico di cura familiare e sul tema della leadership femminile in tutti i settori, da quello pubblico delle Istituzioni a quello privato delle aziende&#8221;. Cos\u00ec Elena Bonetti, ministra per le Pari Opportunit\u00e0 e la Famiglia, intervenuta a &#8220;4 Weeks 4 Inclusion&#8221;, il pi\u00f9 grande evento interaziendale dedicato all&#8217;inclusione che quest&#8217;anno, alla sua seconda edizione e per la prima volta in Italia, vede impegnate oltre 200 imprese per valorizzare insieme i temi della diversit\u00e0 e dell&#8217;inclusione, con un ricco programma di eventi digitali dedicati ai 700mila dipendenti delle aziende partner.<br \/>&#8220;Uno dei primi passi riguarda la questione salariale con una Legge che dota il Paese di strumenti per la trasparenza, che promuove la parit\u00e0 tra donne e uomini e prevede la certificazione per la parit\u00e0 di genere, promuovendo politiche aziendali certificate e che porteranno a una premialit\u00e0 per le aziende. Nell&#8217;ambito degli appalti pubblici per l&#8217;utilizzo delle risorse del Pnrr, le aziende dovranno rispettare criteri tipo la rendicontazione ai sensi del Codice delle pari opportunit\u00e0, assumere un numero di donne e giovani pari al 30% delle nuove assunzioni. Sempre nel Pnrr &#8211; continua la ministra Bonetti &#8211; \u00e8 inserito un investimento sulle infrastrutture a sostegno della condivisione di carico e cure familiari, oltre a un investimento sull&#8217; imprenditoria femminile che le porti a competere alla pari nel mercato pi\u00f9 ampio del lavoro. Nell&#8217;ambito della Legge di Bilancio vogliamo rafforzare e introdurre strumenti come la decontribuzione per alcune categorie e passaggi specifici del lavoro femminile con l&#8217;obiettivo che leva fiscale sia di incentivo per le aziende e per le lavoratrici&#8221;.<br \/>(ITALPRESS).<\/div>\n<div id=\"div-gpt-ad-Messinaoggi.it-DSK-300x250-corpoart\" style=\"text-align:center;margin:0 auto;\"><\/div><\/p><div id=\"videoincontent\" style=\"clear:both\";><\/div>","protected":false},"excerpt":{"rendered":"<p>ROMA (ITALPRESS) &#8211; &#8220;Per la prima volta in Italia abbiamo approvato una strategia nazionale per la parit\u00e0 di genere, coerente con la strategia europea, che lavora concretamente sui temi del lavoro; del reddito; delle competenze, in particolare quelle Stem, finanziarie e digitali; sulla condivisione uomo\/donna del carico di cura familiare e sul tema della leadership [&hellip;]<\/p>\n","protected":false},"author":18,"featured_media":84578,"comment_status":"closed","ping_status":"closed","sticky":false,"template":"","format":"standard","meta":{"ub_ctt_via":"","_mi_skip_tracking":false},"categories":[446],"tags":[783],"featured_image_src":"https:\/\/www.messinaoggi.it\/website\/wp-content\/uploads\/2021\/10\/20211022_1298.jpg","author_info":{"display_name":"Admin","author_link":"https:\/\/www.messinaoggi.it\/website\/author\/admin\/"},"digistream_id":0,"digistream":false,"_links":{"self":[{"href":"https:\/\/www.messinaoggi.it\/website\/wp-json\/wp\/v2\/posts\/84577"}],"collection":[{"href":"https:\/\/www.messinaoggi.it\/website\/wp-json\/wp\/v2\/posts"}],"about":[{"href":"https:\/\/www.messinaoggi.it\/website\/wp-json\/wp\/v2\/types\/post"}],"author":[{"embeddable":true,"href":"https:\/\/www.messinaoggi.it\/website\/wp-json\/wp\/v2\/users\/18"}],"replies":[{"embeddable":true,"href":"https:\/\/www.messinaoggi.it\/website\/wp-json\/wp\/v2\/comments?post=84577"}],"version-history":[{"count":0,"href":"https:\/\/www.messinaoggi.it\/website\/wp-json\/wp\/v2\/posts\/84577\/revisions"}],"wp:featuredmedia":[{"embeddable":true,"href":"https:\/\/www.messinaoggi.it\/website\/wp-json\/wp\/v2\/media\/84578"}],"wp:attachment":[{"href":"https:\/\/www.messinaoggi.it\/website\/wp-json\/wp\/v2\/media?parent=84577"}],"wp:term":[{"taxonomy":"category","embeddable":true,"href":"https:\/\/www.messinaoggi.it\/website\/wp-json\/wp\/v2\/categories?post=84577"},{"taxonomy":"post_tag","embeddable":true,"href":"https:\/\/www.messinaoggi.it\/website\/wp-json\/wp\/v2\/tags?post=84577"}],"curies":[{"name":"wp","href":"https:\/\/api.w.org\/{rel}","templated":true}]}}