{"id":84573,"date":"2021-10-22T16:07:31","date_gmt":"2021-10-22T14:07:31","guid":{"rendered":"https:\/\/www.messinaoggi.it\/website\/2021\/10\/22\/pioli-testa-al-campionato-ibra-devo-decidere\/"},"modified":"2021-10-22T16:07:31","modified_gmt":"2021-10-22T14:07:31","slug":"pioli-testa-al-campionato-ibra-devo-decidere","status":"publish","type":"post","link":"https:\/\/www.messinaoggi.it\/website\/2021\/10\/22\/pioli-testa-al-campionato-ibra-devo-decidere\/","title":{"rendered":"Pioli \u201cTesta al campionato, Ibra? Devo decidere\u201d"},"content":{"rendered":"<div>MILANO (ITALPRESS) &#8211; C&#8217;\u00e8 da festeggiare le 100 panchine con il Milan e c&#8217;\u00e8 da cancellare il ko in Champions contro il Porto. Stefano Pioli, per\u00f2, alla vigilia del match di campionato, in trasferta, contro il Bologna, non vuole distrazioni e nemmeno &#8220;alibi&#8221;, per via dei tanti infortunati. In primis potrebbe tornare in campo dal primo minuto Ibra. &#8220;Lui ha bisogno di allenarsi e di giocare. Si allena in gruppo da una settimana. Il suo minutaggio \u00e8 in crescendo: devo ancora decidere chi partir\u00e0 titolare tra lui e Giroud&#8221;, ha detto Pioli. &#8220;Non \u00e8 un momento difficile, in una stagione lunga e fitta di impegna come la nostra \u00e8 normale avere periodi cos\u00ec. Ho la fortuna di avere un organico forte e una rosa competitiva: siamo pronti per domani. Faremo bene a Bologna: sar\u00e0 una gara difficile, contro un avversario che sta bene fisicamente&#8221;, ha proseguito il tecnico del Milan. &#8220;Rispetto alla partita di Porto recuperiamo Conti e Castillejo. Kessie ha avuto una forte sindrome influenzale e per domani non sar\u00e0 utilizzabile. Leao trequartista? No, se ci fosse stato Rebic, che ha ancora problemi alla caviglia, poteva essere un&#8217;alternativa. Leao, invece, non far\u00e0 di certo il trequartista&#8221;, ha aggiunto Pioli. &#8220;Porto? Siamo consapevoli di aver fatto una brutta partita. Abbiamo perso troppi palloni e siamo stati poco compatti in difesa. Abbiamo capito i nostri errori. Ora pensiamo alle prossime tre gare di campionato, poi penseremo alla Champions&#8221;, ha concluso l&#8217;allenatore del team rossonero.<br \/>(ITALPRESS).<\/div>\n<div id=\"div-gpt-ad-Messinaoggi.it-DSK-300x250-corpoart\" style=\"text-align:center;margin:0 auto;\"><\/div><\/p><div id=\"videoincontent\" style=\"clear:both\";><\/div>","protected":false},"excerpt":{"rendered":"<p>MILANO (ITALPRESS) &#8211; C&#8217;\u00e8 da festeggiare le 100 panchine con il Milan e c&#8217;\u00e8 da cancellare il ko in Champions contro il Porto. Stefano Pioli, per\u00f2, alla vigilia del match di campionato, in trasferta, contro il Bologna, non vuole distrazioni e nemmeno &#8220;alibi&#8221;, per via dei tanti infortunati. In primis potrebbe tornare in campo dal [&hellip;]<\/p>\n","protected":false},"author":18,"featured_media":84574,"comment_status":"closed","ping_status":"closed","sticky":false,"template":"","format":"standard","meta":{"ub_ctt_via":"","_mi_skip_tracking":false},"categories":[446],"tags":[783],"featured_image_src":"https:\/\/www.messinaoggi.it\/website\/wp-content\/uploads\/2021\/10\/20211022_0928.jpg","author_info":{"display_name":"Admin","author_link":"https:\/\/www.messinaoggi.it\/website\/author\/admin\/"},"digistream_id":0,"digistream":false,"_links":{"self":[{"href":"https:\/\/www.messinaoggi.it\/website\/wp-json\/wp\/v2\/posts\/84573"}],"collection":[{"href":"https:\/\/www.messinaoggi.it\/website\/wp-json\/wp\/v2\/posts"}],"about":[{"href":"https:\/\/www.messinaoggi.it\/website\/wp-json\/wp\/v2\/types\/post"}],"author":[{"embeddable":true,"href":"https:\/\/www.messinaoggi.it\/website\/wp-json\/wp\/v2\/users\/18"}],"replies":[{"embeddable":true,"href":"https:\/\/www.messinaoggi.it\/website\/wp-json\/wp\/v2\/comments?post=84573"}],"version-history":[{"count":0,"href":"https:\/\/www.messinaoggi.it\/website\/wp-json\/wp\/v2\/posts\/84573\/revisions"}],"wp:featuredmedia":[{"embeddable":true,"href":"https:\/\/www.messinaoggi.it\/website\/wp-json\/wp\/v2\/media\/84574"}],"wp:attachment":[{"href":"https:\/\/www.messinaoggi.it\/website\/wp-json\/wp\/v2\/media?parent=84573"}],"wp:term":[{"taxonomy":"category","embeddable":true,"href":"https:\/\/www.messinaoggi.it\/website\/wp-json\/wp\/v2\/categories?post=84573"},{"taxonomy":"post_tag","embeddable":true,"href":"https:\/\/www.messinaoggi.it\/website\/wp-json\/wp\/v2\/tags?post=84573"}],"curies":[{"name":"wp","href":"https:\/\/api.w.org\/{rel}","templated":true}]}}