{"id":84552,"date":"2021-10-22T14:07:38","date_gmt":"2021-10-22T12:07:38","guid":{"rendered":"https:\/\/www.messinaoggi.it\/website\/2021\/10\/22\/covid-per-la-consulta-dpcm-non-ha-dato-potesta-legislativa-al-premier\/"},"modified":"2021-10-22T14:07:38","modified_gmt":"2021-10-22T12:07:38","slug":"covid-per-la-consulta-dpcm-non-ha-dato-potesta-legislativa-al-premier","status":"publish","type":"post","link":"https:\/\/www.messinaoggi.it\/website\/2021\/10\/22\/covid-per-la-consulta-dpcm-non-ha-dato-potesta-legislativa-al-premier\/","title":{"rendered":"Covid, per la Consulta Dpcm non ha dato potest\u00e0 legislativa al premier"},"content":{"rendered":"<div>ROMA (ITALPRESS) &#8211; Gli articoli 1, 2 e 4 del Decreto legge n. 19 del 2020 non hanno conferito al presidente del Consiglio dei ministri n\u00e8 una funzione legislativa in violazione degli articoli 76 e 77 della Costituzione n\u00e8 poteri straordinari in violazione dell&#8217;articolo 78, ma gli hanno attribuito solo il compito di dare esecuzione alla norma primaria mediante atti amministrativi sufficientemente tipizzati. E&#8217;, questo, un passaggio saliente della sentenza della Corte costituzionale che si \u00e8 pronunciata sulle questioni sollevate dal Giudice di pace di Frosinone circa la legittimit\u00e0 costituzionale dei Decreti legge n. 6 e n. 19 del 2020, entrambi convertiti in legge, riguardanti l&#8217;adozione, mediante decreti del presidente del Consiglio dei ministri (Dpcm), di misure urgenti di contenimento e gestione dell&#8217;emergenza epidemiologica da Covid-19. Nel caso concreto, un cittadino aveva proposto opposizione contro la sanzione amministrativa di 400 euro inflittagli per essere uscito dall&#8217;abitazione durante il &#8220;lockdown&#8221; dell&#8217;aprile 2020 in violazione del divieto stabilito dal Dl e poi dal Dpcm. Secondo il Giudice di pace, i due Decreti legge avrebbero conferito al presidente del Consiglio la funzione legislativa o poteri straordinari, in contrasto con gli articoli 76, 77 e 78 della Costituzione. La Corte ha dichiarato inammissibili per difetto di rilevanza le questioni riguardanti il primo Dl &#8211; n. 6 del 2020 &#8211; risultato inapplicabile in considerazione del tempo in cui \u00e8 stata posta in essere la condotta sanzionata. Invece, sono state dichiarate non fondate le questioni concernenti il Dl n. 19 del 2020 &#8211; applicabile al caso concreto &#8211; poich\u00e8 quest&#8217;ultimo ha non solo tipizzato le misure adottabili dal presidente del Consiglio, ma, stabilendo che la relativa esecuzione debba avvenire secondo principi di adeguatezza e proporzionalit\u00e0, gli ha anche imposto un criterio tipico di esercizio della discrezionalit\u00e0 amministrativa, di per s\u00e8 incompatibile con l&#8217;attribuzione di potest\u00e0 legislativa. <br \/>(ITALPRESS).<\/div>\n<div id=\"div-gpt-ad-Messinaoggi.it-DSK-300x250-corpoart\" style=\"text-align:center;margin:0 auto;\"><\/div><\/p><div id=\"videoincontent\" style=\"clear:both\";><\/div>","protected":false},"excerpt":{"rendered":"<p>ROMA (ITALPRESS) &#8211; Gli articoli 1, 2 e 4 del Decreto legge n. 19 del 2020 non hanno conferito al presidente del Consiglio dei ministri n\u00e8 una funzione legislativa in violazione degli articoli 76 e 77 della Costituzione n\u00e8 poteri straordinari in violazione dell&#8217;articolo 78, ma gli hanno attribuito solo il compito di dare esecuzione [&hellip;]<\/p>\n","protected":false},"author":18,"featured_media":84553,"comment_status":"closed","ping_status":"closed","sticky":false,"template":"","format":"standard","meta":{"ub_ctt_via":"","_mi_skip_tracking":false},"categories":[446],"tags":[783],"featured_image_src":"https:\/\/www.messinaoggi.it\/website\/wp-content\/uploads\/2021\/10\/20211022_0508.jpg","author_info":{"display_name":"Admin","author_link":"https:\/\/www.messinaoggi.it\/website\/author\/admin\/"},"digistream_id":0,"digistream":false,"_links":{"self":[{"href":"https:\/\/www.messinaoggi.it\/website\/wp-json\/wp\/v2\/posts\/84552"}],"collection":[{"href":"https:\/\/www.messinaoggi.it\/website\/wp-json\/wp\/v2\/posts"}],"about":[{"href":"https:\/\/www.messinaoggi.it\/website\/wp-json\/wp\/v2\/types\/post"}],"author":[{"embeddable":true,"href":"https:\/\/www.messinaoggi.it\/website\/wp-json\/wp\/v2\/users\/18"}],"replies":[{"embeddable":true,"href":"https:\/\/www.messinaoggi.it\/website\/wp-json\/wp\/v2\/comments?post=84552"}],"version-history":[{"count":0,"href":"https:\/\/www.messinaoggi.it\/website\/wp-json\/wp\/v2\/posts\/84552\/revisions"}],"wp:featuredmedia":[{"embeddable":true,"href":"https:\/\/www.messinaoggi.it\/website\/wp-json\/wp\/v2\/media\/84553"}],"wp:attachment":[{"href":"https:\/\/www.messinaoggi.it\/website\/wp-json\/wp\/v2\/media?parent=84552"}],"wp:term":[{"taxonomy":"category","embeddable":true,"href":"https:\/\/www.messinaoggi.it\/website\/wp-json\/wp\/v2\/categories?post=84552"},{"taxonomy":"post_tag","embeddable":true,"href":"https:\/\/www.messinaoggi.it\/website\/wp-json\/wp\/v2\/tags?post=84552"}],"curies":[{"name":"wp","href":"https:\/\/api.w.org\/{rel}","templated":true}]}}