{"id":84548,"date":"2021-10-22T14:07:32","date_gmt":"2021-10-22T12:07:32","guid":{"rendered":"https:\/\/www.messinaoggi.it\/website\/2021\/10\/22\/pechino2022-goggia-e-moioli-portabandiera-apertura-e-chiusura\/"},"modified":"2021-10-22T14:07:32","modified_gmt":"2021-10-22T12:07:32","slug":"pechino2022-goggia-e-moioli-portabandiera-apertura-e-chiusura","status":"publish","type":"post","link":"https:\/\/www.messinaoggi.it\/website\/2021\/10\/22\/pechino2022-goggia-e-moioli-portabandiera-apertura-e-chiusura\/","title":{"rendered":"Pechino2022, Goggia e Moioli portabandiera apertura e chiusura"},"content":{"rendered":"<div>ROMA (ITALPRESS) &#8211; Hanno dato un&#8217;importante spinta alla candidatura di Milano-Cortina, in Corea nel 2018 si sono messe entrambe al collo la medaglia d&#8217;oro e il prossimo febbraio condivideranno l&#8217;onore di guidare la delegazione azzurra ai prossimi Giochi Invernali. Giovanni Malag\u00f2, presidente del Coni, al termine della riunione della Giunta Nazionale, al Foro Italico, ha annunciato che Sofia Goggia, campionessa olimpica in carica di discesa, porter\u00e0 la bandiera italiana alla cerimonia di apertura dei Giochi Olimpici invernali di Pechino 2022 mentre Michela Moioli, oro nello snowboardcross a Pyeongchang, sar\u00e0 l&#8217;alfiere dell&#8217;Italia in quella di chiusura, dove ci sar\u00e0 il passaggio di consegne fra Pechino 2022 e Milano-Cortina 2026. <br \/>Goggia, bergamasca classe 1992 delle Fiamme Gialle, nella sua carriera \u00e8 stata pi\u00f9 forte anche degli infortuni sub\u00ecti, vincendo &#8211; tra l&#8217;altro &#8211; due Coppe di specialit\u00e0 e due medaglie mondiali: un argento in supergigante ad Are 2019 e un bronzo a St. Moritz 2017. Michela Moioli, classe 1995, originaria di Alzano Lombardo, \u00e8 stata anche la prima azzurra a vincere la Coppa del Mondo di snowboard cross (a cui si \u00e8 aggiunto un secondo posto nell&#8217;edizione 2016\/2017). Nel suo palmares anche 4 medaglie mondiali individuali &#8211; tre bronzi, a Kreischberg 2015, a Sierra Nevada 2017 e a Solitude 2019, e un argento a Idre Fjall 2021 -oltre a due argenti iridati nella prova mista, la prima volta in coppia con Omar Visintin e la seconda con Lorenzo Sommariva. <br \/>Il presidente della Repubblica, Sergio Mattarella, consegner\u00e0 il tricolore a Sofia Goggia il 23 dicembre alle ore 12, al Quirinale.<br \/>(ITALPRESS).<\/div>\n<div id=\"div-gpt-ad-Messinaoggi.it-DSK-300x250-corpoart\" style=\"text-align:center;margin:0 auto;\"><\/div><\/p><div id=\"videoincontent\" style=\"clear:both\";><\/div>","protected":false},"excerpt":{"rendered":"<p>ROMA (ITALPRESS) &#8211; Hanno dato un&#8217;importante spinta alla candidatura di Milano-Cortina, in Corea nel 2018 si sono messe entrambe al collo la medaglia d&#8217;oro e il prossimo febbraio condivideranno l&#8217;onore di guidare la delegazione azzurra ai prossimi Giochi Invernali. Giovanni Malag\u00f2, presidente del Coni, al termine della riunione della Giunta Nazionale, al Foro Italico, ha [&hellip;]<\/p>\n","protected":false},"author":18,"featured_media":84549,"comment_status":"closed","ping_status":"closed","sticky":false,"template":"","format":"standard","meta":{"ub_ctt_via":"","_mi_skip_tracking":false},"categories":[446],"tags":[783],"featured_image_src":"https:\/\/www.messinaoggi.it\/website\/wp-content\/uploads\/2021\/10\/20211022_0492.jpg","author_info":{"display_name":"Admin","author_link":"https:\/\/www.messinaoggi.it\/website\/author\/admin\/"},"digistream_id":0,"digistream":false,"_links":{"self":[{"href":"https:\/\/www.messinaoggi.it\/website\/wp-json\/wp\/v2\/posts\/84548"}],"collection":[{"href":"https:\/\/www.messinaoggi.it\/website\/wp-json\/wp\/v2\/posts"}],"about":[{"href":"https:\/\/www.messinaoggi.it\/website\/wp-json\/wp\/v2\/types\/post"}],"author":[{"embeddable":true,"href":"https:\/\/www.messinaoggi.it\/website\/wp-json\/wp\/v2\/users\/18"}],"replies":[{"embeddable":true,"href":"https:\/\/www.messinaoggi.it\/website\/wp-json\/wp\/v2\/comments?post=84548"}],"version-history":[{"count":0,"href":"https:\/\/www.messinaoggi.it\/website\/wp-json\/wp\/v2\/posts\/84548\/revisions"}],"wp:featuredmedia":[{"embeddable":true,"href":"https:\/\/www.messinaoggi.it\/website\/wp-json\/wp\/v2\/media\/84549"}],"wp:attachment":[{"href":"https:\/\/www.messinaoggi.it\/website\/wp-json\/wp\/v2\/media?parent=84548"}],"wp:term":[{"taxonomy":"category","embeddable":true,"href":"https:\/\/www.messinaoggi.it\/website\/wp-json\/wp\/v2\/categories?post=84548"},{"taxonomy":"post_tag","embeddable":true,"href":"https:\/\/www.messinaoggi.it\/website\/wp-json\/wp\/v2\/tags?post=84548"}],"curies":[{"name":"wp","href":"https:\/\/api.w.org\/{rel}","templated":true}]}}