{"id":84546,"date":"2021-10-22T13:57:21","date_gmt":"2021-10-22T11:57:21","guid":{"rendered":"http:\/\/www.messinaoggi.it\/website\/?p=84546"},"modified":"2021-10-22T15:14:23","modified_gmt":"2021-10-22T13:14:23","slug":"giallo-di-caronia-ipotesi-archiviazione","status":"publish","type":"post","link":"https:\/\/www.messinaoggi.it\/website\/2021\/10\/22\/giallo-di-caronia-ipotesi-archiviazione\/","title":{"rendered":"Giallo di Caronia, ipotesi archiviazione"},"content":{"rendered":"\n<p>E\u2019 terminata da poco l\u2019udienza in camera di consiglio davanti al Gip del Tribunale di Patti che, dovr\u00e0 decidere se archiviare l\u2019inchiesta, come chiesto dalla procura, sulla morte della dj Viviana Parisi, 41 anni, e del figlio Gioele Mondello, di 4 anni, trovati cadaveri nell\u2019agosto 2020, nella campagne di Caronia.<div id=\"div-gpt-ad-Messinaoggi.it-DSK-300x250-corpoart\" style=\"text-align:center;margin:0 auto;\"><\/div><\/p>\n\n\n\n<p>Il gip Maria Eugenia Aliqu\u00f2 si \u00e8 riservata la decisione, che dovrebbe essere comunicata nei prossimi giorni. Presenti i sostituti procuratori Alessandro Lia e Federica Urban che hanno spiegato i motivi per i quali la procura ha chiesto l\u2019archiviazione sottolineando che dai rilievi e le prove in loro possesso la donna si sarebbe suicidata gettandosi dal traliccio e con ogni probabilit\u00e0, avrebbe strangolato il figlio Gioele, o quest\u2019ultimo sarebbe morto in un incidente nella campagne di Caronia. Presenti gli avvocati della famiglia Mondello, Pietro Venuti e Claudio Mondello che hanno esposto la tesi dei loro esperti per i quali Viviana non si sarebbe buttata dal traliccio e non avrebbe ucciso Gioele.<div id=\"videoincontent\" style=\"clear:both\";><\/div><\/p>\n\n\n\n<p>\u201cSperiamo \u2013 spiega Venuti \u2013 che emerga la verit\u00e0, noi siamo certi che Viviana non si \u00e8 mai arrampicata sul traliccio e non avrebbe mai toccato Gioele, siamo sicuri che il giudice valuter\u00e0 in modo imparziale quanto da noi presentato in udienza. Vogliamo arrivare ad una verit\u00e0 perch\u00e9 la famiglia, che \u00e8 stata molto provata in questi mesi, ha diritto ad avere una ricostruzione dei fatti corretta e a sapere come sono veramente morti Viviana e Gioele\u201d.<\/p>\n\n\n\n<p>&#8220;Abbiamo ascoltato le tesi dei legali della famiglia Mondello, ognuno \u00e8 ibero di affermare ci\u00f2 che vuole ma forse era necessaria maggiore attenzione. Pur sottoponendomi alla volont\u00e0 del Gip che decider\u00e0 per il meglio nelle prossime ore, ritengo che le conclusioni dei legali e dei loro esperti spesso siano non veritiere rispetto a quanto sta agli atti e ritengo si tratti di affermazioni grottesche\u201d. A dirlo il procuratore di Patti, Angelo Cavallo dopo le dichiarazioni fatte dai legali della famiglia Mondello in camera di consiglio davanti al Gip.\u00a0 \u201cNoi siamo convinti della nostra tesi \u2013 ribadisce Cavallo \u2013 e di quanto abbiamo scritto: loro non ci hanno dato una versione coerente alternativa dimostrandone la veridicit\u00e0 con delle prove. Hanno solo fornito delle suggestioni che rimangono inspiegabili e non hanno nella maggior parte dei casi una rilevanza logica o giuridica. Diversi da parte loro gli esempi non coerenti con gli indizi raccolti\u201d.<\/p>\n","protected":false},"excerpt":{"rendered":"<p>E\u2019 terminata da poco l\u2019udienza in camera di consiglio davanti al Gip del Tribunale di Patti che, dovr\u00e0 decidere se archiviare l\u2019inchiesta, come chiesto dalla procura, sulla morte della dj Viviana Parisi, 41 anni, e del figlio Gioele Mondello, di 4 anni, trovati cadaveri nell\u2019agosto 2020, nella campagne di Caronia. Il gip Maria Eugenia Aliqu\u00f2 [&hellip;]<\/p>\n","protected":false},"author":4,"featured_media":46414,"comment_status":"open","ping_status":"open","sticky":false,"template":"","format":"standard","meta":{"ub_ctt_via":"","_mi_skip_tracking":false},"categories":[6],"tags":[2453,734,733],"featured_image_src":"https:\/\/www.messinaoggi.it\/website\/wp-content\/uploads\/2020\/08\/IMG-20200809-WA0011.jpg","author_info":{"display_name":"redme","author_link":"https:\/\/www.messinaoggi.it\/website\/author\/redme\/"},"digistream_id":0,"digistream":false,"_links":{"self":[{"href":"https:\/\/www.messinaoggi.it\/website\/wp-json\/wp\/v2\/posts\/84546"}],"collection":[{"href":"https:\/\/www.messinaoggi.it\/website\/wp-json\/wp\/v2\/posts"}],"about":[{"href":"https:\/\/www.messinaoggi.it\/website\/wp-json\/wp\/v2\/types\/post"}],"author":[{"embeddable":true,"href":"https:\/\/www.messinaoggi.it\/website\/wp-json\/wp\/v2\/users\/4"}],"replies":[{"embeddable":true,"href":"https:\/\/www.messinaoggi.it\/website\/wp-json\/wp\/v2\/comments?post=84546"}],"version-history":[{"count":2,"href":"https:\/\/www.messinaoggi.it\/website\/wp-json\/wp\/v2\/posts\/84546\/revisions"}],"predecessor-version":[{"id":84562,"href":"https:\/\/www.messinaoggi.it\/website\/wp-json\/wp\/v2\/posts\/84546\/revisions\/84562"}],"wp:featuredmedia":[{"embeddable":true,"href":"https:\/\/www.messinaoggi.it\/website\/wp-json\/wp\/v2\/media\/46414"}],"wp:attachment":[{"href":"https:\/\/www.messinaoggi.it\/website\/wp-json\/wp\/v2\/media?parent=84546"}],"wp:term":[{"taxonomy":"category","embeddable":true,"href":"https:\/\/www.messinaoggi.it\/website\/wp-json\/wp\/v2\/categories?post=84546"},{"taxonomy":"post_tag","embeddable":true,"href":"https:\/\/www.messinaoggi.it\/website\/wp-json\/wp\/v2\/tags?post=84546"}],"curies":[{"name":"wp","href":"https:\/\/api.w.org\/{rel}","templated":true}]}}