{"id":84507,"date":"2021-10-22T09:54:52","date_gmt":"2021-10-22T07:54:52","guid":{"rendered":"http:\/\/www.messinaoggi.it\/website\/?p=84507"},"modified":"2021-10-22T09:54:53","modified_gmt":"2021-10-22T07:54:53","slug":"confcommercio-ratificati-i-bilanci-successo-di-picciotto","status":"publish","type":"post","link":"https:\/\/www.messinaoggi.it\/website\/2021\/10\/22\/confcommercio-ratificati-i-bilanci-successo-di-picciotto\/","title":{"rendered":"Confcommercio: ratificati i bilanci, successo di Picciotto"},"content":{"rendered":"\n<p>Dove essere la resa dei conti con i &#8220;dissidenti&#8221; che si spacciavano maggioranza rimandati a casa con le pive nel sacco. Il consiglio di Confcommercio Messina ha ratificato i bilanci con una maggioranza qualificata. Si tratta di un nuovo tassello verso il risanamento, anche amministrativo, dell&#8217;associazione datoriale dopo che il nuovo direttore generale, Gianluca Speranza, ha preso in mano le redini della Confcommercio Messina.<div id=\"div-gpt-ad-Messinaoggi.it-DSK-300x250-corpoart\" style=\"text-align:center;margin:0 auto;\"><\/div><\/p>\n\n\n\n<p>I mal di di pancia dei &#8220;dissidenti&#8221; sono passati in secondo piano rispetto alla forza della maggioranza detenuta dal presidente Carmelo Picciotto. Gli otto, capeggiati dall&#8217;arzillo Salvatore Sciliberto, hanno abbandonato i lavori in segno di protesta mettendo fine al dissenso che era stato fatta passare per maggioranza.<div id=\"videoincontent\" style=\"clear:both\";><\/div><\/p>\n\n\n\n<p>A parte la ratifica dei bilanci, si \u00e8 trattato di un innegabile successo politico di Picciotto che ha ricacciato nell&#8217;oblio i consiglieri che si erano intestati una battaglia persa. Nelle democrazie compiute a vincere \u00e8 sempre la maggioranza, non le &#8220;sceneggiate&#8221; a mezzo comunicati e conferenze stampa. In realt\u00e0, a Roma l&#8217;azione dei &#8220;dissidenti&#8221; &#8211; dicono alla Confcommercio &#8211; non era stata nemmeno presa in considerazione. Anzi, non era stata accolta bene perch\u00e9 i problemi di un&#8217;associazione vanno discussi all&#8217;interno della stessa senza mettere sulla piazza problemi che in realt\u00e0 non ci sono, se \u00e8 vero com&#8217;\u00e8 vero che il Consiglio ha approvato i documenti contabili.<\/p>\n\n\n\n<p>Con la ratifica dei bilanci si chiude una pagina turbolenta che non ha ha scalfito &#8211; lo fa notare lo stesso interessato &#8211; la tenuta del presidente provinciale Carmelo Picciotto.<\/p>\n","protected":false},"excerpt":{"rendered":"<p>Dove essere la resa dei conti con i &#8220;dissidenti&#8221; che si spacciavano maggioranza rimandati a casa con le pive nel sacco. Il consiglio di Confcommercio Messina ha ratificato i bilanci con una maggioranza qualificata. Si tratta di un nuovo tassello verso il risanamento, anche amministrativo, dell&#8217;associazione datoriale dopo che il nuovo direttore generale, Gianluca Speranza, [&hellip;]<\/p>\n","protected":false},"author":2,"featured_media":64442,"comment_status":"open","ping_status":"open","sticky":false,"template":"","format":"standard","meta":{"ub_ctt_via":"","_mi_skip_tracking":false},"categories":[5],"tags":[1736,1544],"featured_image_src":"https:\/\/www.messinaoggi.it\/website\/wp-content\/uploads\/2021\/05\/Carmelo-Picciotto.jpg","author_info":{"display_name":"Redazione","author_link":"https:\/\/www.messinaoggi.it\/website\/author\/redazione\/"},"digistream_id":0,"digistream":false,"_links":{"self":[{"href":"https:\/\/www.messinaoggi.it\/website\/wp-json\/wp\/v2\/posts\/84507"}],"collection":[{"href":"https:\/\/www.messinaoggi.it\/website\/wp-json\/wp\/v2\/posts"}],"about":[{"href":"https:\/\/www.messinaoggi.it\/website\/wp-json\/wp\/v2\/types\/post"}],"author":[{"embeddable":true,"href":"https:\/\/www.messinaoggi.it\/website\/wp-json\/wp\/v2\/users\/2"}],"replies":[{"embeddable":true,"href":"https:\/\/www.messinaoggi.it\/website\/wp-json\/wp\/v2\/comments?post=84507"}],"version-history":[{"count":1,"href":"https:\/\/www.messinaoggi.it\/website\/wp-json\/wp\/v2\/posts\/84507\/revisions"}],"predecessor-version":[{"id":84508,"href":"https:\/\/www.messinaoggi.it\/website\/wp-json\/wp\/v2\/posts\/84507\/revisions\/84508"}],"wp:featuredmedia":[{"embeddable":true,"href":"https:\/\/www.messinaoggi.it\/website\/wp-json\/wp\/v2\/media\/64442"}],"wp:attachment":[{"href":"https:\/\/www.messinaoggi.it\/website\/wp-json\/wp\/v2\/media?parent=84507"}],"wp:term":[{"taxonomy":"category","embeddable":true,"href":"https:\/\/www.messinaoggi.it\/website\/wp-json\/wp\/v2\/categories?post=84507"},{"taxonomy":"post_tag","embeddable":true,"href":"https:\/\/www.messinaoggi.it\/website\/wp-json\/wp\/v2\/tags?post=84507"}],"curies":[{"name":"wp","href":"https:\/\/api.w.org\/{rel}","templated":true}]}}