{"id":84494,"date":"2021-10-22T00:07:34","date_gmt":"2021-10-21T22:07:34","guid":{"rendered":"https:\/\/www.messinaoggi.it\/website\/2021\/10\/21\/m5s-conte-nomina-i-vice-serve-assunzione-di-responsabilita\/"},"modified":"2021-10-22T09:43:49","modified_gmt":"2021-10-22T07:43:49","slug":"m5s-conte-nomina-i-vice-serve-assunzione-di-responsabilita","status":"publish","type":"post","link":"https:\/\/www.messinaoggi.it\/website\/2021\/10\/22\/m5s-conte-nomina-i-vice-serve-assunzione-di-responsabilita\/","title":{"rendered":"M5s, Conte nomina i vice \u201cServe assunzione di responsabilit\u00e0\u201d"},"content":{"rendered":"<div>ROMA (ITALPRESS) &#8211; Il leader M5s Giuseppe Conte ha ufficializzato la squadra dei vicepresidenti che lo affiancheranno. Si tratta di: Paola Taverna Michele Gubitosa, Riccardo Ricciardi, Alessandra Todde, Mario Turco. Vito Crimi, gi\u00e0 capo politico reggente, diventa il responsabile dati personali. &#8220;Al ballottaggio &#8211; ha detto Conte &#8211; abbiamo vinto 12 partite sulle 18 in gara in cui eravamo protagonisti da soli o con altre forze politiche. Ma questa tornata elettorale \u00e8 stata segnata dal mancato rinnovo da parte dei cittadini della fiducia che in passato ci ha consentito di amministrare citt\u00e0 importanti, come Roma e Torino, dove siamo stati spettatori. E&#8217; stata una delusione che non possiamo compensare con l&#8217;importante apprezzamento dei cittadini di Napoli. Non possiamo assolverci ma umilmente incassare e riconoscere che questo \u00e8 il momento di decidere ci\u00f2 che vogliamo fare, essere e non vogliamo essere. Dobbiamo procedere ad una grande assunzione di responsabilit\u00e0 collettiva&#8221;.<br \/>(ITALPRESS).<\/div>\n<div id=\"div-gpt-ad-Messinaoggi.it-DSK-300x250-corpoart\" style=\"text-align:center;margin:0 auto;\"><\/div><\/p><div id=\"videoincontent\" style=\"clear:both\";><\/div>","protected":false},"excerpt":{"rendered":"<p>ROMA (ITALPRESS) &#8211; Il leader M5s Giuseppe Conte ha ufficializzato la squadra dei vicepresidenti che lo affiancheranno. Si tratta di: Paola Taverna Michele Gubitosa, Riccardo Ricciardi, Alessandra Todde, Mario Turco. Vito Crimi, gi\u00e0 capo politico reggente, diventa il responsabile dati personali. &#8220;Al ballottaggio &#8211; ha detto Conte &#8211; abbiamo vinto 12 partite sulle 18 in [&hellip;]<\/p>\n","protected":false},"author":18,"featured_media":84495,"comment_status":"closed","ping_status":"closed","sticky":false,"template":"","format":"standard","meta":{"ub_ctt_via":"","_mi_skip_tracking":false},"categories":[446,4],"tags":[783],"featured_image_src":"https:\/\/www.messinaoggi.it\/website\/wp-content\/uploads\/2021\/10\/20211021_2736.jpg","author_info":{"display_name":"Admin","author_link":"https:\/\/www.messinaoggi.it\/website\/author\/admin\/"},"digistream_id":0,"digistream":false,"_links":{"self":[{"href":"https:\/\/www.messinaoggi.it\/website\/wp-json\/wp\/v2\/posts\/84494"}],"collection":[{"href":"https:\/\/www.messinaoggi.it\/website\/wp-json\/wp\/v2\/posts"}],"about":[{"href":"https:\/\/www.messinaoggi.it\/website\/wp-json\/wp\/v2\/types\/post"}],"author":[{"embeddable":true,"href":"https:\/\/www.messinaoggi.it\/website\/wp-json\/wp\/v2\/users\/18"}],"replies":[{"embeddable":true,"href":"https:\/\/www.messinaoggi.it\/website\/wp-json\/wp\/v2\/comments?post=84494"}],"version-history":[{"count":1,"href":"https:\/\/www.messinaoggi.it\/website\/wp-json\/wp\/v2\/posts\/84494\/revisions"}],"predecessor-version":[{"id":84505,"href":"https:\/\/www.messinaoggi.it\/website\/wp-json\/wp\/v2\/posts\/84494\/revisions\/84505"}],"wp:featuredmedia":[{"embeddable":true,"href":"https:\/\/www.messinaoggi.it\/website\/wp-json\/wp\/v2\/media\/84495"}],"wp:attachment":[{"href":"https:\/\/www.messinaoggi.it\/website\/wp-json\/wp\/v2\/media?parent=84494"}],"wp:term":[{"taxonomy":"category","embeddable":true,"href":"https:\/\/www.messinaoggi.it\/website\/wp-json\/wp\/v2\/categories?post=84494"},{"taxonomy":"post_tag","embeddable":true,"href":"https:\/\/www.messinaoggi.it\/website\/wp-json\/wp\/v2\/tags?post=84494"}],"curies":[{"name":"wp","href":"https:\/\/api.w.org\/{rel}","templated":true}]}}