{"id":84486,"date":"2021-10-21T20:07:33","date_gmt":"2021-10-21T18:07:33","guid":{"rendered":"https:\/\/www.messinaoggi.it\/website\/2021\/10\/21\/pnrr-luzi-massima-attenzione-contro-rischio-infiltrazioni\/"},"modified":"2021-10-21T20:07:33","modified_gmt":"2021-10-21T18:07:33","slug":"pnrr-luzi-massima-attenzione-contro-rischio-infiltrazioni","status":"publish","type":"post","link":"https:\/\/www.messinaoggi.it\/website\/2021\/10\/21\/pnrr-luzi-massima-attenzione-contro-rischio-infiltrazioni\/","title":{"rendered":"Pnrr, Luzi \u201cMassima attenzione contro rischio infiltrazioni\u201d"},"content":{"rendered":"<div>ROMA (ITALPRESS) &#8211; &#8220;I Carabinieri sono patrimonio degli italiani fin dal 1814. Il rapporto sinergico, la vicinanza e la dedizione al servizio sono la massima espressione dell&#8217;Arma anche nei momenti di grande difficolt\u00e0. Durante i momenti pi\u00f9 duri della pandemia e di grande crisi nazionale, quando il sentimento della paura era dominante, le 5.400 stazioni territoriali e forestali sono rimaste tutte aperte. Il segnale era quello di poter contare su di noi&#8221;. Cos\u00ec Teo Luzi, comandante generale dei Carabinieri, intervistato da Claudio Brachino per la rubrica &#8220;Primo Piano&#8221; dell&#8217;agenzia Italpress. &#8220;La sicurezza \u00e8 in continua evoluzione in ragione alle forme di criminalit\u00e0 o al tipo di minaccia. Il tema di fondo molto importante \u00e8 quello della percezione della sicurezza &#8211; spiega il generale Luzi -. Trent&#8217;anni fa la sicurezza nazionale era minata dal terrorismo nazionale, internazionale e dalla criminalit\u00e0 organizzata. Tra attentati allo Stato e non solo e sequestri di persona non si viveva tranquilli. Oggi questi fenomeni non ci sono pi\u00f9 per\u00f2 i cittadini si sentono meno sicuri per varie ragioni: ci sono maggiori pretese di funzionalit\u00e0 dello Stato o a causa dei messaggi internazionali di terrore&#8221;.<br \/>Il rapporto tra istituzioni e giovani &#8220;ritengo che debba essere privilegiato, sono loro i nuovi cittadini attivi, il nostro futuro. Dobbiamo dialogare con loro e ascoltarli &#8211; sottolinea Luzi -. Questo vale per ogni cittadino che a sua volta deve rispettare le regole. Nella galassia No Green pass c&#8217;\u00e8 chi \u00e8 profondamente convinto, chi preoccupato e chi ha una visione diversa della societ\u00e0 diversa. C&#8217;\u00e8 poi chi strumentalizza questo mondo, fatto anche di gente per bene. Certamente le manifestazioni di piazza che si sono trasformate in violenza non sono accettabili in un Paese democratico, al di l\u00e0 del colore politico. Le regole servono per garantire tutti e il Green Pass va visto in quest&#8217;ottica&#8221;.<br \/>Il comandante generale fa poi chiarezza sui numeri che riguardano l&#8217;Arma: &#8220;I Carabinieri sono 108mila, stamattina 46 in tutta Italia non sono stati ammessi perch\u00e8 non avevano il Green Pass o il tampone. Tra quelli che alloggiano in caserma invece, solo 6 ne erano sprovvisti&#8221;.<br \/>Rispetto al pericolo di infiltrazione criminale nell&#8217;utilizzo delle risorse del Recovery, il comandante generale spiega che &#8220;il tema \u00e8 importante e non va sottovalutato. Abbiamo una legislazione tra le pi\u00f9 avanzate a livello internazionale, dal punto di vista dell&#8217;associazione per delinquere, per i sequestri e le confische patrimoniali, abbiamo strutture investigative di forte capacit\u00e0. Siamo attenti e organizzati per tutelare queste risorse che devono andare agli italiani onesti. In alcuni casi le Procure Distrettuali hanno gi\u00e0 avviato delle indagini&#8221;.<br \/>Luzi parla poi dell&#8217;intervento dell&#8217;Arma per combattere il femminicidio, &#8220;un reato odioso che si \u00e8 accentuato durante la pandemia. Abbiamo organizzato le caserme per accogliere donne e bambini e metterli nelle miglior condizioni per denunciare ed essere tutelati. Abbiamo fatto anche delle proposte normative per cercare di migliorare questo settore, molto \u00e8 stato fatto e molto c&#8217;\u00e8 ancora da fare&#8221;.<br \/>(ITALPRESS).<\/div>\n<div id=\"div-gpt-ad-Messinaoggi.it-DSK-300x250-corpoart\" style=\"text-align:center;margin:0 auto;\"><\/div><\/p><div id=\"videoincontent\" style=\"clear:both\";><\/div>","protected":false},"excerpt":{"rendered":"<p>ROMA (ITALPRESS) &#8211; &#8220;I Carabinieri sono patrimonio degli italiani fin dal 1814. Il rapporto sinergico, la vicinanza e la dedizione al servizio sono la massima espressione dell&#8217;Arma anche nei momenti di grande difficolt\u00e0. Durante i momenti pi\u00f9 duri della pandemia e di grande crisi nazionale, quando il sentimento della paura era dominante, le 5.400 stazioni [&hellip;]<\/p>\n","protected":false},"author":18,"featured_media":84487,"comment_status":"closed","ping_status":"closed","sticky":false,"template":"","format":"standard","meta":{"ub_ctt_via":"","_mi_skip_tracking":false},"categories":[446],"tags":[783],"featured_image_src":"https:\/\/www.messinaoggi.it\/website\/wp-content\/uploads\/2021\/10\/20211021_2529.jpg","author_info":{"display_name":"Admin","author_link":"https:\/\/www.messinaoggi.it\/website\/author\/admin\/"},"digistream_id":0,"digistream":false,"_links":{"self":[{"href":"https:\/\/www.messinaoggi.it\/website\/wp-json\/wp\/v2\/posts\/84486"}],"collection":[{"href":"https:\/\/www.messinaoggi.it\/website\/wp-json\/wp\/v2\/posts"}],"about":[{"href":"https:\/\/www.messinaoggi.it\/website\/wp-json\/wp\/v2\/types\/post"}],"author":[{"embeddable":true,"href":"https:\/\/www.messinaoggi.it\/website\/wp-json\/wp\/v2\/users\/18"}],"replies":[{"embeddable":true,"href":"https:\/\/www.messinaoggi.it\/website\/wp-json\/wp\/v2\/comments?post=84486"}],"version-history":[{"count":0,"href":"https:\/\/www.messinaoggi.it\/website\/wp-json\/wp\/v2\/posts\/84486\/revisions"}],"wp:featuredmedia":[{"embeddable":true,"href":"https:\/\/www.messinaoggi.it\/website\/wp-json\/wp\/v2\/media\/84487"}],"wp:attachment":[{"href":"https:\/\/www.messinaoggi.it\/website\/wp-json\/wp\/v2\/media?parent=84486"}],"wp:term":[{"taxonomy":"category","embeddable":true,"href":"https:\/\/www.messinaoggi.it\/website\/wp-json\/wp\/v2\/categories?post=84486"},{"taxonomy":"post_tag","embeddable":true,"href":"https:\/\/www.messinaoggi.it\/website\/wp-json\/wp\/v2\/tags?post=84486"}],"curies":[{"name":"wp","href":"https:\/\/api.w.org\/{rel}","templated":true}]}}