{"id":84484,"date":"2021-10-21T19:07:34","date_gmt":"2021-10-21T17:07:34","guid":{"rendered":"https:\/\/www.messinaoggi.it\/website\/2021\/10\/21\/a-casa-tutti-bene-muccino-una-sfida-la-serie-per-la-tv\/"},"modified":"2021-10-21T19:07:34","modified_gmt":"2021-10-21T17:07:34","slug":"a-casa-tutti-bene-muccino-una-sfida-la-serie-per-la-tv","status":"publish","type":"post","link":"https:\/\/www.messinaoggi.it\/website\/2021\/10\/21\/a-casa-tutti-bene-muccino-una-sfida-la-serie-per-la-tv\/","title":{"rendered":"\u201cA casa tutti bene\u201d, Muccino \u201cUna sfida la serie per la tv\u201d"},"content":{"rendered":"<div>ROMA (ITALPRESS) &#8211; Verr\u00e0 presentato questa sera, nella sezione Eventi Speciali, alle ore 22 in Sala Sinopoli &#8220;A casa tutti bene &#8211; la serie&#8221; di Gabriele Muccino per Sky Orignal, prodotta da Sky e Lotus, in onda a dicembre su Sky e streaming su Now. <br \/>La serie ritrova gli stessi personaggi del film omonimo interpretati per\u00f2 da altri attori. &#8220;Il film originale \u00e8 l&#8217;unico che ci ha fatto dire durante le riprese &#8220;facciamone una serie, non pu\u00f2 finire cos\u00ec&#8221; perch\u00e8 i personaggi sono troppo belli, autentici, veri, forti, per lasciarli sull&#8217;isola &#8211; ha raccontato Muccino -. Poi, per varie ragioni, \u00e8 stato impossibile avere di nuovo il cast originario, perci\u00f2 ne abbiamo selezionato uno con la capacit\u00e0 di non essere paragonato e quindi di non essere inferiore all&#8217;altro, ma che potesse ricreare quel mondo con la stessa forza ed empatia. E&#8217; stata una sfida alta ma che ho sentito il brivido di voler percorrere. L&#8217;idea di avere un cast a me quasi completamente sconosciuto era uno stimolo forte. Conoscevo solo Francesco Scianna e Laura Morante, con cui avevo gi\u00e0 lavorato. Sono tornato dagli Stati Uniti da soli 4 anni, non sono ancora abbastanza per riprendere cognizione di quella che \u00e8 l&#8217;industria italiana fra attori e registi&#8221;. <br \/>Nel turbinio delle emozioni, relazioni e scontri familiari tipici del regista romano, c&#8217;\u00e8 un nuovo elemento: il thriller causato da un delitto. &#8220;E&#8217; una delle cose che non ho mai fatto e che invece avrei voluto fare. Francamente sulla carta era una cosa molto pericolosa che invece ha funzionato bene&#8221;. <br \/>(ITALPRESS).<\/div>\n<div id=\"div-gpt-ad-Messinaoggi.it-DSK-300x250-corpoart\" style=\"text-align:center;margin:0 auto;\"><\/div><\/p><div id=\"videoincontent\" style=\"clear:both\";><\/div>","protected":false},"excerpt":{"rendered":"<p>ROMA (ITALPRESS) &#8211; Verr\u00e0 presentato questa sera, nella sezione Eventi Speciali, alle ore 22 in Sala Sinopoli &#8220;A casa tutti bene &#8211; la serie&#8221; di Gabriele Muccino per Sky Orignal, prodotta da Sky e Lotus, in onda a dicembre su Sky e streaming su Now. La serie ritrova gli stessi personaggi del film omonimo interpretati [&hellip;]<\/p>\n","protected":false},"author":18,"featured_media":84485,"comment_status":"closed","ping_status":"closed","sticky":false,"template":"","format":"standard","meta":{"ub_ctt_via":"","_mi_skip_tracking":false},"categories":[446],"tags":[783],"featured_image_src":"https:\/\/www.messinaoggi.it\/website\/wp-content\/uploads\/2021\/10\/20211021_2345.jpg","author_info":{"display_name":"Admin","author_link":"https:\/\/www.messinaoggi.it\/website\/author\/admin\/"},"digistream_id":0,"digistream":false,"_links":{"self":[{"href":"https:\/\/www.messinaoggi.it\/website\/wp-json\/wp\/v2\/posts\/84484"}],"collection":[{"href":"https:\/\/www.messinaoggi.it\/website\/wp-json\/wp\/v2\/posts"}],"about":[{"href":"https:\/\/www.messinaoggi.it\/website\/wp-json\/wp\/v2\/types\/post"}],"author":[{"embeddable":true,"href":"https:\/\/www.messinaoggi.it\/website\/wp-json\/wp\/v2\/users\/18"}],"replies":[{"embeddable":true,"href":"https:\/\/www.messinaoggi.it\/website\/wp-json\/wp\/v2\/comments?post=84484"}],"version-history":[{"count":0,"href":"https:\/\/www.messinaoggi.it\/website\/wp-json\/wp\/v2\/posts\/84484\/revisions"}],"wp:featuredmedia":[{"embeddable":true,"href":"https:\/\/www.messinaoggi.it\/website\/wp-json\/wp\/v2\/media\/84485"}],"wp:attachment":[{"href":"https:\/\/www.messinaoggi.it\/website\/wp-json\/wp\/v2\/media?parent=84484"}],"wp:term":[{"taxonomy":"category","embeddable":true,"href":"https:\/\/www.messinaoggi.it\/website\/wp-json\/wp\/v2\/categories?post=84484"},{"taxonomy":"post_tag","embeddable":true,"href":"https:\/\/www.messinaoggi.it\/website\/wp-json\/wp\/v2\/tags?post=84484"}],"curies":[{"name":"wp","href":"https:\/\/api.w.org\/{rel}","templated":true}]}}