{"id":8448,"date":"2017-09-26T13:43:24","date_gmt":"2017-09-26T11:43:24","guid":{"rendered":"http:\/\/www.messinaoggi.it\/website\/?p=8448"},"modified":"2017-09-26T13:43:24","modified_gmt":"2017-09-26T11:43:24","slug":"la-cooperazione-tra-gli-stati-e-alla-base-del-progetto-voiceu","status":"publish","type":"post","link":"https:\/\/www.messinaoggi.it\/website\/2017\/09\/26\/la-cooperazione-tra-gli-stati-e-alla-base-del-progetto-voiceu\/","title":{"rendered":"La cooperazione tra  gli Stati \u00e8 alla base del progetto VoicEu"},"content":{"rendered":"<p style=\"text-align: justify\">Dopo la firma del <strong>\u201cPatto di fratellanza\u201d<\/strong>, avvenuta lo scorso giugno a <strong>Taormina<\/strong>, il <strong>progetto \u201cVoicEu\u201d<\/strong> ha fatto tappa a <strong>Budapest<\/strong> per il terzo meeting europeo. A rappresentare il\u00a0 progetto, a capo della delegazione siciliana, c\u2019era anche il \u00a0sindaco \u00a0della \u00a0Perla dello Ionio, <strong>Eligio Giardina<\/strong>, ha incontrato i partner di sedici Paesi per confrontarsi sulle problematiche legate all&#8217;euroscetticismo.<div id=\"div-gpt-ad-Messinaoggi.it-DSK-300x250-corpoart\" style=\"text-align:center;margin:0 auto;\"><\/div><\/p>\n<p style=\"text-align: justify\">L&#8217;iniziativa, promossa dal Comune nell&#8217;ambito del <strong>Programma \u201cEurope for citizens. 2.2 Networks of Towns\u201d<\/strong>, si \u00e8 sviluppata attraverso una tre giorni conclusasi domenica nella capitale ungherese.<div id=\"videoincontent\" style=\"clear:both\";><\/div><\/p>\n<p style=\"text-align: justify\"><img loading=\"lazy\" class=\"alignnone  wp-image-8450\" src=\"http:\/\/www.messinaoggi.it\/website\/wp-content\/uploads\/2017\/09\/budapest1-300x227.jpg\" alt=\"\" width=\"391\" height=\"296\" \/><br \/>\nLa conferenza europea si \u00e8 aperta con una tavola rotonda, sul tema del <strong>60\u00b0 anniversario dei Trattati di Roma<\/strong>, nei locali dell\u2019Istituto di Cultura Italiana. I lavori, moderati dalla progettista europea <strong>Beatrice Briguglio<\/strong> (curatrice del progetto con <strong>Tino Celisi<\/strong>), hanno preso il via con i saluti istituzionali del direttore dell\u2019Istituto di Cultura Italiana, <strong>Gianluca Borghese<\/strong>, e del sindaco della Citt\u00e0 del Centauro, <strong>Eligio Giardina<\/strong>. Prima degli interventi \u00e8 stato proiettato un video sui lavori del G7 che si sono svolti nel maggio scorso nella capitale del turismo siciliano. A conclusione delle meravigliose immagini, che hanno evidenziato la centralit\u00e0 e l\u2019importanza di Taormina nel panorama internazionale, il sindaco <strong>Giardina<\/strong> ha speso parole di compiacimento per il progetto e per i risultati sin qui ottenuti. \u201c<em>La cooperazione<\/em> &#8211; ha sottolineato &#8211; <em>\u00e8 alla base di qualsiasi successo, garantisce stabilit\u00e0 e pace tra i popoli. Il dialogo interculturale rappresenta un elemento di unione forte, sulla cui base \u00e8 possibile costruire integrazione e inclusione sociale<\/em>\u201d. Infine, il sindaco ha rivolto il suo personale invito al direttore dell\u2019Istituto Italiano di Cultura di intrattenere relazioni di carattere culturale e turistico tra la citt\u00e0 di Taormina e l\u2019Ungheria.<\/p>\n<p><img loading=\"lazy\" class=\"alignnone  wp-image-8451\" src=\"http:\/\/www.messinaoggi.it\/website\/wp-content\/uploads\/2017\/09\/budapest3-300x225.jpg\" alt=\"\" width=\"409\" height=\"307\" \/><\/p>\n<p style=\"text-align: justify\">I lavori della seconda giornata si sono concentrati sulla fuoriuscita della Gran Bretagna dell&#8217;Unione Europea, la cosiddetta \u201cBrexit\u201d, e sono stati aperti dall&#8217;intervento dell&#8217;assessore taorminese <strong>Gaetano Carella<\/strong>. \u201c<em>Attraverso questi incontri<\/em> \u2013 ha esordito &#8211; <em>che vedono la partecipazione di ospiti importanti, oratori illustri, politici ed esperti, dobbiamo dare il nostro personale contributo per abbattere i presunti \u201cmuri\u201d di divisione e dobbiamo investire le nostre energie sulla partecipazione a tutti i livelli. Solo cos\u00ec potremo ottenere grandi risultati<\/em>\u201d. <strong>Carella<\/strong> ha rimarcato che \u201c<em>il percorso comune intrapreso attraverso il progetto sta rappresentando sicuramente un&#8217;opportunit\u00e0 importante per le nostre citt\u00e0 e le nostre realt\u00e0 locali, e allo stesso tempo ci proietta verso una dimensione europea, aperta ai valori di amicizia, solidariet\u00e0 e dialogo interculturale<\/em>\u201d.<\/p>\n<p style=\"text-align: justify\">\nTra gli interventi dei relatori italiani anche quello del consigliere comunale taorminese, <strong>Carmelo Leonardi,<\/strong> e del presidente del Centro Studi di Cultura Europea, <strong>Carlo Mastroeni<\/strong>. Quest&#8217;ultimo ha moderato i lavori del terzo e ultimo giorno: un seminario sul tema <strong>\u201cSuperare l&#8217;euroscetticismo attraverso l&#8217;Europa dei cittadini\u201d<\/strong>. Della delegazione taorminese ha fatto parte anche la segretaria comunale <strong>Rossana Carrubba<\/strong>. Le ultime due conferenze europee previste dal progetto si svolgeranno nei prossimi mesi a Sofia ed a Tallin.<\/p>\n<p style=\"text-align: justify\">Con quest\u2019evento si centralizza ancor di pi\u00f9 il profilo internazionale di Taormina, patrimonio culturale di inestimabile valore.<\/p>\n","protected":false},"excerpt":{"rendered":"<p>Dopo la firma del \u201cPatto di fratellanza\u201d, avvenuta lo scorso giugno a Taormina, il progetto \u201cVoicEu\u201d ha fatto tappa a Budapest per il terzo meeting europeo. A rappresentare il\u00a0 progetto, a capo della delegazione siciliana, c\u2019era anche il \u00a0sindaco \u00a0della \u00a0Perla dello Ionio, Eligio Giardina, ha incontrato i partner di sedici Paesi per confrontarsi sulle [&hellip;]<\/p>\n","protected":false},"author":5,"featured_media":8449,"comment_status":"closed","ping_status":"open","sticky":false,"template":"","format":"standard","meta":{"ub_ctt_via":"","_mi_skip_tracking":false},"categories":[16],"tags":[],"featured_image_src":"https:\/\/www.messinaoggi.it\/website\/wp-content\/uploads\/2017\/09\/budapest2-2.jpg","author_info":{"display_name":"Maria Antonella Saia","author_link":"https:\/\/www.messinaoggi.it\/website\/author\/m-saia\/"},"digistream_id":0,"digistream":false,"_links":{"self":[{"href":"https:\/\/www.messinaoggi.it\/website\/wp-json\/wp\/v2\/posts\/8448"}],"collection":[{"href":"https:\/\/www.messinaoggi.it\/website\/wp-json\/wp\/v2\/posts"}],"about":[{"href":"https:\/\/www.messinaoggi.it\/website\/wp-json\/wp\/v2\/types\/post"}],"author":[{"embeddable":true,"href":"https:\/\/www.messinaoggi.it\/website\/wp-json\/wp\/v2\/users\/5"}],"replies":[{"embeddable":true,"href":"https:\/\/www.messinaoggi.it\/website\/wp-json\/wp\/v2\/comments?post=8448"}],"version-history":[{"count":0,"href":"https:\/\/www.messinaoggi.it\/website\/wp-json\/wp\/v2\/posts\/8448\/revisions"}],"wp:featuredmedia":[{"embeddable":true,"href":"https:\/\/www.messinaoggi.it\/website\/wp-json\/wp\/v2\/media\/8449"}],"wp:attachment":[{"href":"https:\/\/www.messinaoggi.it\/website\/wp-json\/wp\/v2\/media?parent=8448"}],"wp:term":[{"taxonomy":"category","embeddable":true,"href":"https:\/\/www.messinaoggi.it\/website\/wp-json\/wp\/v2\/categories?post=8448"},{"taxonomy":"post_tag","embeddable":true,"href":"https:\/\/www.messinaoggi.it\/website\/wp-json\/wp\/v2\/tags?post=8448"}],"curies":[{"name":"wp","href":"https:\/\/api.w.org\/{rel}","templated":true}]}}