{"id":8446,"date":"2017-09-26T12:36:59","date_gmt":"2017-09-26T10:36:59","guid":{"rendered":"http:\/\/www.messinaoggi.it\/website\/?p=8446"},"modified":"2017-09-26T12:36:59","modified_gmt":"2017-09-26T10:36:59","slug":"manca-lautista-niente-disinfestazione-per-le-pulci-a-villa-lina","status":"publish","type":"post","link":"https:\/\/www.messinaoggi.it\/website\/2017\/09\/26\/manca-lautista-niente-disinfestazione-per-le-pulci-a-villa-lina\/","title":{"rendered":"Manca l&#039;autista, niente disinfestazione per le pulci a Villa Lina"},"content":{"rendered":"<p>\u201cCausa carenza di personale, non \u00e8 possibile assegnare l\u2019autista per il servizio giornaliero del 26\/09\/2017\u201d.<br \/>\nDue righe contenute in una mail con la quale l\u2019Autoparco comunica che non sar\u00e0 possibile effettuare l\u2019intervento di disinfestazione alla scuola Villa Lina, che com\u2019\u00e8 noto \u00e8 infestata dalla pulci. La notizia ha fatto andare su tutte le furie i genitori degli alunni che frequentano la scuola del popolo rione Giostra.<br \/>\nL\u2019intervento, sollecitato dal consigliere della VI Circoscrizione, Giovanni Bucalo, avrebbe dovuto essere eseguito all\u2019esterno del plesso scolastico, dove nelle scorse settimane vi sono state montagne di spazzatura. La carenza di personale all\u2019Autoparco \u00e8 determinata anche dal dirottamento di due autisti per gli scuolabus.<br \/>\nIn totale si legge in una nota inviata al sindaco di Messina dal dirigente Antonio Cardia, in servizio all\u2019Autoparco vi sono complessivamente 15 autisti, dei quali 4 sono afferenti al Servizio difesa del suolo \u2013 movimento terra. La nota che segnala la criticit\u00e0 \u00e8 datata 22 settembre 2017 e si tratta di un autentico grido d\u2019allarme da parte del dirigente del Dipartimento.<br \/>\n\u201cI genitori dei bambini sono allarmati \u2013 afferma Bucalo \u2013 oggi ci aspettavamo l\u2019intervento ma non \u00e8 stato fatto nulla. Adesso non so quello che faranno, ma \u00e8 certo che andare a scuola e rischiare di essere punto dalle pulci non \u00e8 civile\u201d.<div id=\"div-gpt-ad-Messinaoggi.it-DSK-300x250-corpoart\" style=\"text-align:center;margin:0 auto;\"><\/div><\/p>\n<div id=\"videoincontent\" style=\"clear:both\";><\/div>","protected":false},"excerpt":{"rendered":"<p>\u201cCausa carenza di personale, non \u00e8 possibile assegnare l\u2019autista per il servizio giornaliero del 26\/09\/2017\u201d. Due righe contenute in una mail con la quale l\u2019Autoparco comunica che non sar\u00e0 possibile effettuare l\u2019intervento di disinfestazione alla scuola Villa Lina, che com\u2019\u00e8 noto \u00e8 infestata dalla pulci. La notizia ha fatto andare su tutte le furie i [&hellip;]<\/p>\n","protected":false},"author":2,"featured_media":7999,"comment_status":"closed","ping_status":"open","sticky":false,"template":"","format":"standard","meta":{"ub_ctt_via":"","_mi_skip_tracking":false},"categories":[6],"tags":[],"featured_image_src":"https:\/\/www.messinaoggi.it\/website\/wp-content\/uploads\/2017\/09\/IMG_1635-2.jpg","author_info":{"display_name":"Redazione","author_link":"https:\/\/www.messinaoggi.it\/website\/author\/redazione\/"},"digistream_id":0,"digistream":false,"_links":{"self":[{"href":"https:\/\/www.messinaoggi.it\/website\/wp-json\/wp\/v2\/posts\/8446"}],"collection":[{"href":"https:\/\/www.messinaoggi.it\/website\/wp-json\/wp\/v2\/posts"}],"about":[{"href":"https:\/\/www.messinaoggi.it\/website\/wp-json\/wp\/v2\/types\/post"}],"author":[{"embeddable":true,"href":"https:\/\/www.messinaoggi.it\/website\/wp-json\/wp\/v2\/users\/2"}],"replies":[{"embeddable":true,"href":"https:\/\/www.messinaoggi.it\/website\/wp-json\/wp\/v2\/comments?post=8446"}],"version-history":[{"count":0,"href":"https:\/\/www.messinaoggi.it\/website\/wp-json\/wp\/v2\/posts\/8446\/revisions"}],"wp:featuredmedia":[{"embeddable":true,"href":"https:\/\/www.messinaoggi.it\/website\/wp-json\/wp\/v2\/media\/7999"}],"wp:attachment":[{"href":"https:\/\/www.messinaoggi.it\/website\/wp-json\/wp\/v2\/media?parent=8446"}],"wp:term":[{"taxonomy":"category","embeddable":true,"href":"https:\/\/www.messinaoggi.it\/website\/wp-json\/wp\/v2\/categories?post=8446"},{"taxonomy":"post_tag","embeddable":true,"href":"https:\/\/www.messinaoggi.it\/website\/wp-json\/wp\/v2\/tags?post=8446"}],"curies":[{"name":"wp","href":"https:\/\/api.w.org\/{rel}","templated":true}]}}