{"id":84391,"date":"2021-10-21T12:07:50","date_gmt":"2021-10-21T10:07:50","guid":{"rendered":"https:\/\/www.messinaoggi.it\/website\/2021\/10\/21\/lavoro-a-luglio-saldo-annuo-positivo-con-605-000-contratti\/"},"modified":"2021-10-21T12:07:50","modified_gmt":"2021-10-21T10:07:50","slug":"lavoro-a-luglio-saldo-annuo-positivo-con-605-000-contratti","status":"publish","type":"post","link":"https:\/\/www.messinaoggi.it\/website\/2021\/10\/21\/lavoro-a-luglio-saldo-annuo-positivo-con-605-000-contratti\/","title":{"rendered":"Lavoro, a luglio saldo annuo positivo con +605.000 contratti"},"content":{"rendered":"<div>ROMA (ITALPRESS) &#8211; A fine luglio, secondo i dati dell&#8217;Inps, le assunzioni attivate dai datori di lavoro privati sono state 4.095.000, con un aumento rispetto allo stesso periodo del 2020 (+20%) dovuto alla crescita progressiva iniziata a marzo 2021. L&#8217;aumento ha riguardato tutte le tipologie contrattuali, risultando per\u00f2 pi\u00f9 accentuato per le assunzioni di contratti stagionali (+39%) e in somministrazione (+33%); in lieve crescita le assunzioni a tempo indeterminato (+4%). Le trasformazioni da tempo determinato nei primi sette mesi del 2021 sono risultate 261.000, in flessione rispetto allo stesso periodo del 2020 (-16%); a partire dal secondo trimestre 2021 si sono registrate comunque variazioni positive (a luglio pari al +15%). Nello stesso periodo le conferme di rapporti di apprendistato giunti alla conclusione del periodo formativo sono aumentate del 21%. <br \/>Le cessazioni fino a luglio 2021 sono state in complesso 2.959.000, in lieve aumento rispetto allo stesso periodo dell&#8217;anno precedente (+2%). Il saldo annualizzato <br \/>rimane su valori elevati (+605.000), positivo in tutte le tipologie contrattuali. In particolare, per il tempo indeterminato la variazione positiva risulta pari a 170.000 unit\u00e0 mentre tutte le altre tipologie contrattuali evidenziano una variazione complessiva pari a quasi 435.000 unit\u00e0. Se si confronta la situazione a luglio 2021 con quella a luglio 2019 il saldo \u00e8 decisamente positivo per i rapporti di lavoro a tempo indeterminato (+393.000). Per l&#8217;insieme degli altri contratti, solo grazie al forte recupero degli ultimi mesi si registra, rispetto a luglio 2019, una variazione modestamente positiva (+44.000).<br \/>(ITALPRESS).<\/div>\n<div id=\"div-gpt-ad-Messinaoggi.it-DSK-300x250-corpoart\" style=\"text-align:center;margin:0 auto;\"><\/div><\/p><div id=\"videoincontent\" style=\"clear:both\";><\/div>","protected":false},"excerpt":{"rendered":"<p>ROMA (ITALPRESS) &#8211; A fine luglio, secondo i dati dell&#8217;Inps, le assunzioni attivate dai datori di lavoro privati sono state 4.095.000, con un aumento rispetto allo stesso periodo del 2020 (+20%) dovuto alla crescita progressiva iniziata a marzo 2021. L&#8217;aumento ha riguardato tutte le tipologie contrattuali, risultando per\u00f2 pi\u00f9 accentuato per le assunzioni di contratti [&hellip;]<\/p>\n","protected":false},"author":18,"featured_media":84392,"comment_status":"closed","ping_status":"closed","sticky":false,"template":"","format":"standard","meta":{"ub_ctt_via":"","_mi_skip_tracking":false},"categories":[446],"tags":[783],"featured_image_src":"https:\/\/www.messinaoggi.it\/website\/wp-content\/uploads\/2021\/10\/20211021_0251.jpg","author_info":{"display_name":"Admin","author_link":"https:\/\/www.messinaoggi.it\/website\/author\/admin\/"},"digistream_id":0,"digistream":false,"_links":{"self":[{"href":"https:\/\/www.messinaoggi.it\/website\/wp-json\/wp\/v2\/posts\/84391"}],"collection":[{"href":"https:\/\/www.messinaoggi.it\/website\/wp-json\/wp\/v2\/posts"}],"about":[{"href":"https:\/\/www.messinaoggi.it\/website\/wp-json\/wp\/v2\/types\/post"}],"author":[{"embeddable":true,"href":"https:\/\/www.messinaoggi.it\/website\/wp-json\/wp\/v2\/users\/18"}],"replies":[{"embeddable":true,"href":"https:\/\/www.messinaoggi.it\/website\/wp-json\/wp\/v2\/comments?post=84391"}],"version-history":[{"count":0,"href":"https:\/\/www.messinaoggi.it\/website\/wp-json\/wp\/v2\/posts\/84391\/revisions"}],"wp:featuredmedia":[{"embeddable":true,"href":"https:\/\/www.messinaoggi.it\/website\/wp-json\/wp\/v2\/media\/84392"}],"wp:attachment":[{"href":"https:\/\/www.messinaoggi.it\/website\/wp-json\/wp\/v2\/media?parent=84391"}],"wp:term":[{"taxonomy":"category","embeddable":true,"href":"https:\/\/www.messinaoggi.it\/website\/wp-json\/wp\/v2\/categories?post=84391"},{"taxonomy":"post_tag","embeddable":true,"href":"https:\/\/www.messinaoggi.it\/website\/wp-json\/wp\/v2\/tags?post=84391"}],"curies":[{"name":"wp","href":"https:\/\/api.w.org\/{rel}","templated":true}]}}