{"id":84385,"date":"2021-10-21T10:07:33","date_gmt":"2021-10-21T08:07:33","guid":{"rendered":"https:\/\/www.messinaoggi.it\/website\/2021\/10\/21\/mattarella-risparmio-delle-famiglie-contribuira-alla-ripartenza\/"},"modified":"2021-10-21T10:07:33","modified_gmt":"2021-10-21T08:07:33","slug":"mattarella-risparmio-delle-famiglie-contribuira-alla-ripartenza","status":"publish","type":"post","link":"https:\/\/www.messinaoggi.it\/website\/2021\/10\/21\/mattarella-risparmio-delle-famiglie-contribuira-alla-ripartenza\/","title":{"rendered":"Mattarella \u201cRisparmio delle famiglie contribuir\u00e0 alla ripartenza\u201d"},"content":{"rendered":"<div>ROMA (ITALPRESS) &#8211; &#8220;La Giornata del Risparmio \u00e8 caratterizzata, quest&#8217;anno, da una ripresa dei ritmi produttivi e dei consumi delle famiglie, alle quali \u00e8 associata una ripresa degli impieghi. Il miglior clima di fiducia potr\u00e0 contribuire a mobilitare rapidamente una preziosa risorsa, come quella del risparmio delle famiglie, tutelata dalla Costituzione, contribuendo alla ripartenza. Le ingenti risorse e l&#8217;ambizioso programma di riforme del Pnrr, favoriranno la trasformazione della nostra economia verso un modello di sviluppo pi\u00f9 sostenibile, innovativo e inclusivo, con la partecipazione di tutte le forze del Paese&#8221;. Cos\u00ec il presidente della Repubblica, Sergio Mattarella, in un messaggio inviato al presidente dell&#8217;Acri Francesco Profumo, in occasione della Giornata Mondiale del Risparmio. &#8220;A trent&#8217;anni dalla legge che ne consent\u00ec la trasformazione, le Fondazioni di origine bancaria, con le loro competenze, potranno concorrere a trasformare questa opportunit\u00e0 in un efficace volano per la ricostruzione, con un approccio agli investimenti che riservi particolare attenzione alle ricadute positive sulle comunit\u00e0 e con la partecipazione di fondi privati in progetti a finalit\u00e0 sociali. La pandemia &#8211; osserva &#8211; ha fatto emergere e aggravato alcune delle disuguaglianze della nostra societ\u00e0. In questo contesto, le Fondazioni hanno garantito uno sforzo particolare nel difficile momento dell&#8217;emergenza per sostenere le realt\u00e0 economiche, culturali e sociali messe a dura prova dalla crisi. Nei prossimi anni, il loro ruolo sar\u00e0 ancora pi\u00f9 apprezzabile per sostenere la coesione sociale del Paese, specialmente nel Mezzogiorno, e nel contrasto alla povert\u00e0 educativa. La capacit\u00e0 di scelte consapevoli e coerenti in materia di risparmio, per programmare il futuro, \u00e8 fondamentale. La promozione dell&#8217;educazione finanziaria \u00e8 uno strumento aggiuntivo per la protezione del risparmio, con ricadute positive per i singoli e per la collettivit\u00e0&#8221;, conclude Mattarella.<br \/>\n(ITALPRESS).<\/div>\n<div id=\"div-gpt-ad-Messinaoggi.it-DSK-300x250-corpoart\" style=\"text-align:center;margin:0 auto;\"><\/div><\/p><div id=\"videoincontent\" style=\"clear:both\";><\/div>","protected":false},"excerpt":{"rendered":"<p>ROMA (ITALPRESS) &#8211; &#8220;La Giornata del Risparmio \u00e8 caratterizzata, quest&#8217;anno, da una ripresa dei ritmi produttivi e dei consumi delle famiglie, alle quali \u00e8 associata una ripresa degli impieghi. Il miglior clima di fiducia potr\u00e0 contribuire a mobilitare rapidamente una preziosa risorsa, come quella del risparmio delle famiglie, tutelata dalla Costituzione, contribuendo alla ripartenza. Le [&hellip;]<\/p>\n","protected":false},"author":18,"featured_media":84386,"comment_status":"closed","ping_status":"closed","sticky":false,"template":"","format":"standard","meta":{"ub_ctt_via":"","_mi_skip_tracking":false},"categories":[446],"tags":[783],"featured_image_src":"https:\/\/www.messinaoggi.it\/website\/wp-content\/uploads\/2021\/10\/20211021_0108.jpg","author_info":{"display_name":"Admin","author_link":"https:\/\/www.messinaoggi.it\/website\/author\/admin\/"},"digistream_id":0,"digistream":false,"_links":{"self":[{"href":"https:\/\/www.messinaoggi.it\/website\/wp-json\/wp\/v2\/posts\/84385"}],"collection":[{"href":"https:\/\/www.messinaoggi.it\/website\/wp-json\/wp\/v2\/posts"}],"about":[{"href":"https:\/\/www.messinaoggi.it\/website\/wp-json\/wp\/v2\/types\/post"}],"author":[{"embeddable":true,"href":"https:\/\/www.messinaoggi.it\/website\/wp-json\/wp\/v2\/users\/18"}],"replies":[{"embeddable":true,"href":"https:\/\/www.messinaoggi.it\/website\/wp-json\/wp\/v2\/comments?post=84385"}],"version-history":[{"count":0,"href":"https:\/\/www.messinaoggi.it\/website\/wp-json\/wp\/v2\/posts\/84385\/revisions"}],"wp:featuredmedia":[{"embeddable":true,"href":"https:\/\/www.messinaoggi.it\/website\/wp-json\/wp\/v2\/media\/84386"}],"wp:attachment":[{"href":"https:\/\/www.messinaoggi.it\/website\/wp-json\/wp\/v2\/media?parent=84385"}],"wp:term":[{"taxonomy":"category","embeddable":true,"href":"https:\/\/www.messinaoggi.it\/website\/wp-json\/wp\/v2\/categories?post=84385"},{"taxonomy":"post_tag","embeddable":true,"href":"https:\/\/www.messinaoggi.it\/website\/wp-json\/wp\/v2\/tags?post=84385"}],"curies":[{"name":"wp","href":"https:\/\/api.w.org\/{rel}","templated":true}]}}