{"id":84375,"date":"2021-10-21T09:07:32","date_gmt":"2021-10-21T07:07:32","guid":{"rendered":"https:\/\/www.messinaoggi.it\/website\/2021\/10\/21\/manovra-bonomi-partiti-assediano-draghi-tagliare-cuneo-fiscale\/"},"modified":"2021-10-21T09:14:48","modified_gmt":"2021-10-21T07:14:48","slug":"manovra-bonomi-partiti-assediano-draghi-tagliare-cuneo-fiscale","status":"publish","type":"post","link":"https:\/\/www.messinaoggi.it\/website\/2021\/10\/21\/manovra-bonomi-partiti-assediano-draghi-tagliare-cuneo-fiscale\/","title":{"rendered":"Manovra, Bonomi \u201cPartiti assediano Draghi, tagliare cuneo fiscale\u201d"},"content":{"rendered":"<div>ROMA (ITALPRESS) &#8211; &#8220;Questa legge di Bilancio \u00e8 importante, al di l\u00e0 delle cifre, perch\u00e8 dovrebbe essere il primo mattone di un percorso diverso. La sensazione \u00e8 che ancora oggi i partiti non abbiano capito che bisogna concentrare le risorse sulla crescita e sulla produttivit\u00e0. Stanno dando l&#8217;assalto alla diligenza com&#8217;\u00e8 successo in tutte le manovre finanziarie precedenti, in cui ognuno di solito d\u00e0 battaglia per la sua bandierina&#8221;. Cos\u00ec, in un&#8217;intervista al Corriere della Sera, il presidente di Confindustria Carlo Bonomi. &#8220;Un partito d\u00e0 battaglia per le pensioni, un altro per il reddito di cittadinanza, un terzo per qualcos&#8217;altro ancora. Non capiscono &#8211; spiega &#8211; che ora bisogna concentrare le risorse su una visione d&#8217;insieme, che anteponga a tutto misure a maggior impatto sul Pil. Invece ho l&#8217;impressione che non venga permesso al governo Draghi di fare quello che il premier ha sempre detto che serve all&#8217;Italia: tecnologia, produttivit\u00e0 e crescita. Noi siamo sicuri che il governo sappia bene ci\u00f2 che va fatto, ma i partiti lo assediano&#8221;.<br \/>\nPer il leader degli industriali servirebbe &#8220;un grande intervento coraggioso sul cuneo fiscale. L&#8217;Ocse ci sta dicendo che abbiamo il quinto livello pi\u00f9 alto di oneri contributivi tra i Paesi avanzati che non entrano in busta paga, perch\u00e8 diventano prelievo&#8221;. Poi, osserva come &#8220;si parla di 7-8 miliardi di riduzione del fisco. Ma non \u00e8 chiaro su cosa. Non si parla invece di tagli al cuneo fiscale, che si calcola non sulle tasse ma sui contributi dovuti per ogni posto di lavoro. Di questi due terzi sono a carico delle imprese. Ma meno oneri contributivi significa pi\u00f9 retribuzione lorda che resta in tasca al dipendente e imprese pi\u00f9 competitive, se un taglio della quota contributiva riguarda anche loro&#8221;.<br \/>\n(ITALPRESS).<\/div>\n","protected":false},"excerpt":{"rendered":"<p>ROMA (ITALPRESS) &#8211; &#8220;Questa legge di Bilancio \u00e8 importante, al di l\u00e0 delle cifre, perch\u00e8 dovrebbe essere il primo mattone di un percorso diverso. La sensazione \u00e8 che ancora oggi i partiti non abbiano capito che bisogna concentrare le risorse sulla crescita e sulla produttivit\u00e0. Stanno dando l&#8217;assalto alla diligenza com&#8217;\u00e8 successo in tutte le [&hellip;]<\/p>\n","protected":false},"author":18,"featured_media":84376,"comment_status":"closed","ping_status":"closed","sticky":false,"template":"","format":"standard","meta":{"ub_ctt_via":"","_mi_skip_tracking":false},"categories":[446,4],"tags":[783],"featured_image_src":"https:\/\/www.messinaoggi.it\/website\/wp-content\/uploads\/2021\/10\/20211021_0084.jpg","author_info":{"display_name":"Admin","author_link":"https:\/\/www.messinaoggi.it\/website\/author\/admin\/"},"digistream_id":0,"digistream":false,"_links":{"self":[{"href":"https:\/\/www.messinaoggi.it\/website\/wp-json\/wp\/v2\/posts\/84375"}],"collection":[{"href":"https:\/\/www.messinaoggi.it\/website\/wp-json\/wp\/v2\/posts"}],"about":[{"href":"https:\/\/www.messinaoggi.it\/website\/wp-json\/wp\/v2\/types\/post"}],"author":[{"embeddable":true,"href":"https:\/\/www.messinaoggi.it\/website\/wp-json\/wp\/v2\/users\/18"}],"replies":[{"embeddable":true,"href":"https:\/\/www.messinaoggi.it\/website\/wp-json\/wp\/v2\/comments?post=84375"}],"version-history":[{"count":1,"href":"https:\/\/www.messinaoggi.it\/website\/wp-json\/wp\/v2\/posts\/84375\/revisions"}],"predecessor-version":[{"id":84381,"href":"https:\/\/www.messinaoggi.it\/website\/wp-json\/wp\/v2\/posts\/84375\/revisions\/84381"}],"wp:featuredmedia":[{"embeddable":true,"href":"https:\/\/www.messinaoggi.it\/website\/wp-json\/wp\/v2\/media\/84376"}],"wp:attachment":[{"href":"https:\/\/www.messinaoggi.it\/website\/wp-json\/wp\/v2\/media?parent=84375"}],"wp:term":[{"taxonomy":"category","embeddable":true,"href":"https:\/\/www.messinaoggi.it\/website\/wp-json\/wp\/v2\/categories?post=84375"},{"taxonomy":"post_tag","embeddable":true,"href":"https:\/\/www.messinaoggi.it\/website\/wp-json\/wp\/v2\/tags?post=84375"}],"curies":[{"name":"wp","href":"https:\/\/api.w.org\/{rel}","templated":true}]}}