{"id":84346,"date":"2021-10-21T00:07:35","date_gmt":"2021-10-20T22:07:35","guid":{"rendered":"https:\/\/www.messinaoggi.it\/website\/2021\/10\/20\/vaccino-speranza-valuteremo-terza-dose-su-evidenzia-scientifica\/"},"modified":"2021-10-21T08:13:23","modified_gmt":"2021-10-21T06:13:23","slug":"vaccino-speranza-valuteremo-terza-dose-su-evidenzia-scientifica","status":"publish","type":"post","link":"https:\/\/www.messinaoggi.it\/website\/2021\/10\/21\/vaccino-speranza-valuteremo-terza-dose-su-evidenzia-scientifica\/","title":{"rendered":"Vaccino, Speranza \u201cValuteremo terza dose su evidenzia scientifica\u201d"},"content":{"rendered":"<div>ROMA (ITALPRESS) &#8211; &#8220;La terza dose \u00e8 stata autorizzata per gli immunocompromessi, in questo caso non si tratta di un richiamo ma di un completamento di vaccinazione primaria. Le altre categorie sono gli ultra 80enni, gli ospiti delle Rsa e i fragili di ogni et\u00e0. L&#8217;evidenza scientifica ci porter\u00e0 a valutare la terza dose anche per altre categorie. A oggi sono state somministrate 700.623 terze dosi&#8221;. Cos\u00ec il ministro della Salute, Roberto Speranza, nel corso del Question time alla camera sull&#8217;ipotesi di effettuare richiami per il vaccino anti Covid-19 con riguardo alla popolazione con sistema immunitario non compromesso. <br \/>&#8220;Il green pass \u00e8 uno strumento che gli italiani hanno imparato a conoscere e a utilizzare in modo consistente. Il green pass rende pi\u00f9 sicuri i luoghi dove si utilizza, ha avuto effetto incentivante sulla vaccinazione. I numeri in Italia sono tra i pi\u00f9 significativi in Europa: a questa mattina siamo all&#8217;85,76% di prime dosi negli over 12 e l&#8217;81,55% di coloro che hanno completato il ciclo. Dobbiamo continuare su questa strada, ogni vaccino in pi\u00f9 significa avere uno scudo pi\u00f9 forte&#8221;, ha aggiunto.<br \/>(ITALPRESS).<\/div>\n<div id=\"div-gpt-ad-Messinaoggi.it-DSK-300x250-corpoart\" style=\"text-align:center;margin:0 auto;\"><\/div><\/p><div id=\"videoincontent\" style=\"clear:both\";><\/div>","protected":false},"excerpt":{"rendered":"<p>ROMA (ITALPRESS) &#8211; &#8220;La terza dose \u00e8 stata autorizzata per gli immunocompromessi, in questo caso non si tratta di un richiamo ma di un completamento di vaccinazione primaria. Le altre categorie sono gli ultra 80enni, gli ospiti delle Rsa e i fragili di ogni et\u00e0. L&#8217;evidenza scientifica ci porter\u00e0 a valutare la terza dose anche [&hellip;]<\/p>\n","protected":false},"author":18,"featured_media":84347,"comment_status":"closed","ping_status":"closed","sticky":false,"template":"","format":"standard","meta":{"ub_ctt_via":"","_mi_skip_tracking":false},"categories":[221,446],"tags":[783],"featured_image_src":"https:\/\/www.messinaoggi.it\/website\/wp-content\/uploads\/2021\/10\/20211020_2299.jpg","author_info":{"display_name":"Admin","author_link":"https:\/\/www.messinaoggi.it\/website\/author\/admin\/"},"digistream_id":0,"digistream":false,"_links":{"self":[{"href":"https:\/\/www.messinaoggi.it\/website\/wp-json\/wp\/v2\/posts\/84346"}],"collection":[{"href":"https:\/\/www.messinaoggi.it\/website\/wp-json\/wp\/v2\/posts"}],"about":[{"href":"https:\/\/www.messinaoggi.it\/website\/wp-json\/wp\/v2\/types\/post"}],"author":[{"embeddable":true,"href":"https:\/\/www.messinaoggi.it\/website\/wp-json\/wp\/v2\/users\/18"}],"replies":[{"embeddable":true,"href":"https:\/\/www.messinaoggi.it\/website\/wp-json\/wp\/v2\/comments?post=84346"}],"version-history":[{"count":1,"href":"https:\/\/www.messinaoggi.it\/website\/wp-json\/wp\/v2\/posts\/84346\/revisions"}],"predecessor-version":[{"id":84374,"href":"https:\/\/www.messinaoggi.it\/website\/wp-json\/wp\/v2\/posts\/84346\/revisions\/84374"}],"wp:featuredmedia":[{"embeddable":true,"href":"https:\/\/www.messinaoggi.it\/website\/wp-json\/wp\/v2\/media\/84347"}],"wp:attachment":[{"href":"https:\/\/www.messinaoggi.it\/website\/wp-json\/wp\/v2\/media?parent=84346"}],"wp:term":[{"taxonomy":"category","embeddable":true,"href":"https:\/\/www.messinaoggi.it\/website\/wp-json\/wp\/v2\/categories?post=84346"},{"taxonomy":"post_tag","embeddable":true,"href":"https:\/\/www.messinaoggi.it\/website\/wp-json\/wp\/v2\/tags?post=84346"}],"curies":[{"name":"wp","href":"https:\/\/api.w.org\/{rel}","templated":true}]}}