{"id":84296,"date":"2021-10-20T17:07:40","date_gmt":"2021-10-20T15:07:40","guid":{"rendered":"https:\/\/www.messinaoggi.it\/website\/2021\/10\/20\/dopo-linter-ce-il-marsiglia-sarri-chiede-alla-lazio-continuita\/"},"modified":"2021-10-20T17:07:40","modified_gmt":"2021-10-20T15:07:40","slug":"dopo-linter-ce-il-marsiglia-sarri-chiede-alla-lazio-continuita","status":"publish","type":"post","link":"https:\/\/www.messinaoggi.it\/website\/2021\/10\/20\/dopo-linter-ce-il-marsiglia-sarri-chiede-alla-lazio-continuita\/","title":{"rendered":"Dopo l\u2019Inter c\u2019\u00e8 il Marsiglia, Sarri chiede alla Lazio \u201cContinuit\u00e0\u201d"},"content":{"rendered":"<div>ROMA (ITALPRESS) &#8211; Il caso isolato della stagione della Lazio \u00e8 stata la sconfitta di Bologna o la bella vittoria sull&#8217;Inter? Maurizio Sarri non si espone, chiede una &#8220;dimostrazione di continuit\u00e0&#8221; e &#8220;non di reazione&#8221;. L&#8217;occasione per la Lazio \u00e8 immediata, forse anche troppo per i gusti del tecnico sulla necessit\u00e0 di riposo tra una gara e l&#8217;altra. Gioved\u00ec sera arriva il Marsiglia e i biancocelesti cercano tre punti in un gruppo difficile di Europa League che non concede passi falsi. Uno gi\u00e0 c&#8217;\u00e8 stato, col Galatasaray, ma ora la Lazio non vuole fermarsi: &#8220;La partita di domani per noi ha grande importanza. I francesi hanno tecnica e dinamismo e hanno un gioco che \u00e8 tatticamente difficile da affrontare&#8221;, dice in conferenza stampa il tecnico che non nasconde ancora una volta il malessere per il poco recupero tra una partita e l&#8217;altra: &#8220;Non pensiamo male e a strategie contro di noi, pensiamo che ci sia stata leggerezza nella formulazione del calendario&#8221;. Anche per questo motivo all&#8217;Olimpico, Sarri dovrebbe optare per il turn over. <br \/>Chance possibili per Cataldi e Zaccagni che &#8220;ha avuto un infortunio e per questo ha rallentato il suo inserimento in squadra&#8221; ma &#8220;contro l&#8217;Inter ha avuto un grande ingresso in campo&#8221;. L&#8217;ex Verona dovrebbe affiancare Felipe Anderson e uno tra Immobile e Muriqi: &#8220;Ciro \u00e8 un calciatore che ha un&#8217;importanza elevata nel nostro gruppo &#8211; ammette Sarri &#8211; Non \u00e8 facile pensare ad una sua gestione. In questo momento sta bene, ma ora ci aspettano sette partite in venti giorni&#8221;. Non ha ancora segnato in Europa League Felipe Anderson che dopo il contro l&#8217;Inter cerca la prima gioia anche nel torneo Uefa: &#8220;Contro la Lokomotiv ho sbagliato troppe chance &#8211; ha detto in conferenza &#8211; Voglio dare il mio contributo anche in Europa&#8221;. Per il brasiliano gi\u00e0 tre gol e due assist in otto presenze in campionato, dopo una stagione negativa tra Premier e Portogallo. E da quando \u00e8 tornato in biancoceleste, parla gi\u00e0 da leader: &#8220;Il Marsiglia sta bene e lo sta dimostrando anche nel suo campionato. Dovremo stare attenti. Ci aspettano tante partite in pochi giorni, dobbiamo continuare a ragionare gara dopo gara&#8221;.<br \/>(ITALPRESS).<\/div>\n<div id=\"div-gpt-ad-Messinaoggi.it-DSK-300x250-corpoart\" style=\"text-align:center;margin:0 auto;\"><\/div><\/p><div id=\"videoincontent\" style=\"clear:both\";><\/div>","protected":false},"excerpt":{"rendered":"<p>ROMA (ITALPRESS) &#8211; Il caso isolato della stagione della Lazio \u00e8 stata la sconfitta di Bologna o la bella vittoria sull&#8217;Inter? Maurizio Sarri non si espone, chiede una &#8220;dimostrazione di continuit\u00e0&#8221; e &#8220;non di reazione&#8221;. L&#8217;occasione per la Lazio \u00e8 immediata, forse anche troppo per i gusti del tecnico sulla necessit\u00e0 di riposo tra una [&hellip;]<\/p>\n","protected":false},"author":18,"featured_media":84297,"comment_status":"closed","ping_status":"closed","sticky":false,"template":"","format":"standard","meta":{"ub_ctt_via":"","_mi_skip_tracking":false},"categories":[446],"tags":[783],"featured_image_src":"https:\/\/www.messinaoggi.it\/website\/wp-content\/uploads\/2021\/10\/20211020_1702.jpg","author_info":{"display_name":"Admin","author_link":"https:\/\/www.messinaoggi.it\/website\/author\/admin\/"},"digistream_id":0,"digistream":false,"_links":{"self":[{"href":"https:\/\/www.messinaoggi.it\/website\/wp-json\/wp\/v2\/posts\/84296"}],"collection":[{"href":"https:\/\/www.messinaoggi.it\/website\/wp-json\/wp\/v2\/posts"}],"about":[{"href":"https:\/\/www.messinaoggi.it\/website\/wp-json\/wp\/v2\/types\/post"}],"author":[{"embeddable":true,"href":"https:\/\/www.messinaoggi.it\/website\/wp-json\/wp\/v2\/users\/18"}],"replies":[{"embeddable":true,"href":"https:\/\/www.messinaoggi.it\/website\/wp-json\/wp\/v2\/comments?post=84296"}],"version-history":[{"count":0,"href":"https:\/\/www.messinaoggi.it\/website\/wp-json\/wp\/v2\/posts\/84296\/revisions"}],"wp:featuredmedia":[{"embeddable":true,"href":"https:\/\/www.messinaoggi.it\/website\/wp-json\/wp\/v2\/media\/84297"}],"wp:attachment":[{"href":"https:\/\/www.messinaoggi.it\/website\/wp-json\/wp\/v2\/media?parent=84296"}],"wp:term":[{"taxonomy":"category","embeddable":true,"href":"https:\/\/www.messinaoggi.it\/website\/wp-json\/wp\/v2\/categories?post=84296"},{"taxonomy":"post_tag","embeddable":true,"href":"https:\/\/www.messinaoggi.it\/website\/wp-json\/wp\/v2\/tags?post=84296"}],"curies":[{"name":"wp","href":"https:\/\/api.w.org\/{rel}","templated":true}]}}