{"id":84288,"date":"2021-10-20T16:07:37","date_gmt":"2021-10-20T14:07:37","guid":{"rendered":"https:\/\/www.messinaoggi.it\/website\/2021\/10\/20\/accordo-windtre-consumatori-hedberg-miglioriamo-qualita-della-vita\/"},"modified":"2021-10-20T16:07:37","modified_gmt":"2021-10-20T14:07:37","slug":"accordo-windtre-consumatori-hedberg-miglioriamo-qualita-della-vita","status":"publish","type":"post","link":"https:\/\/www.messinaoggi.it\/website\/2021\/10\/20\/accordo-windtre-consumatori-hedberg-miglioriamo-qualita-della-vita\/","title":{"rendered":"Accordo WindTre-Consumatori, Hedberg \u201cMiglioriamo qualit\u00e0 della vita\u201d"},"content":{"rendered":"<div>ROMA (ITALPRESS) &#8211; WindTre ha firmato stamani a Roma un protocollo di cooperazione annuale con le associazioni dei Consumatori, per promuovere una serie di iniziative che favoriscano il comune obiettivo di un uso consapevole delle tecnologie digitali, fondamentali per lo sviluppo del Paese. &#8220;Ho avuto l&#8217;opportunit\u00e0 di lavorare in quattro continenti e una cosa che ho imparato \u00e8 la particolare importanza delle partnership. Per questo sono molto felice di lavorare con le Associazioni dei Consumatori. E&#8217; fondamentale, infatti, in questa fase di rapidi cambiamenti, dibattere e trovare le soluzioni migliori per i clienti, siano essi individui, famiglie o aziende, e anche per il nostro Paese&#8221;, ha spiegato Jeffrey Hedberg, amministratore delegato di WindTre.<br \/>&#8220;La nostra azienda ha investito 6 miliardi di euro in cinque anni &#8211; aggiunge il Ceo &#8211; proprio per modernizzare il network e fornire servizi sempre pi\u00f9 efficienti ed evoluti. Ma la grande sfida, soprattutto in questo momento, \u00e8 quella di conciliare il processo di innovazione con le necessit\u00e0 dei clienti, ascoltandoli e imparando da loro. Per questo, la relazione con le Associazioni, precisa il manager, \u00e8 per noi un elemento essenziale. Siamo molto orgogliosi, pertanto, di questa intesa &#8211; conclude Hedberg &#8211; che conferma e rafforza l&#8217;impegno di WindTre a migliorare la qualit\u00e0 della vita delle persone attraverso un impiego responsabile delle tecnologie&#8221;.<br \/>Sono sei, per ora, le associazioni che hanno firmato il protocollo d&#8217;intesa, a palazzo Montemartini, con WindTre: Adiconsum, Adoc, Altroconsumo, Cittadinanzattiva, Federconsumatori e U.Di.Con. Insieme realizzeranno il programma &#8220;Welcome to WindTre&#8221;, che prevede incontri e sessioni dedicate ad ambiti specifici di collaborazione, tra i quali, innanzitutto, la sostenibilit\u00e0. &#8220;E&#8217; un momento importante, siamo in una fase in cui occorre partecipazione e coraggio&#8221;, ha detto Carlo De Masi, presidente Adiconsum. &#8220;Le telecomunicazioni, le reti sono fondamentali in questo momento di cambio epocale. Dobbiamo guardare alla qualit\u00e0 del servizio che deve essere uguale in tutto il Paese&#8221;. Per Roberto Tascini, presidente Adoc, &#8220;il protocollo ci d\u00e0 molte opportunit\u00e0, l&#8217;inclusione \u00e8 un tema che ci vede molto sensibili, abbiamo l&#8217;esigenza di recuperare un gap di alfabetizzazione digitale&#8221;.<br \/>Anna Lisa Mandorino, segretaria generale Cittadinanzattiva, ha posto l&#8217;accento sull&#8217;importanza di lavorare &#8220;sulle aree e sui soggetti fragili del Paese. Per loro l&#8217;innovazione pu\u00f2 diventare una straordinaria occasione per superare le disuguaglianze&#8221;. Previsti approfondimenti sullo sviluppo delle infrastrutture e delle tecnologie di telecomunicazione, la formazione e i temi della comunicazione nei rapporti con i consumatori. In particolare, saranno attivate anche iniziative di formazione e di confronto sulle tematiche della divulgazione digitale e sugli strumenti per agevolare il superamento del digital divide. L&#8217;intesa, aperta all&#8217;ingresso di ulteriori associazioni, garantir\u00e0 la piena indipendenza delle parti e potr\u00e0 essere ulteriormente prorogata alla scadenza naturale.<br \/>(ITALPRESS).<\/div>\n<div id=\"div-gpt-ad-Messinaoggi.it-DSK-300x250-corpoart\" style=\"text-align:center;margin:0 auto;\"><\/div><\/p><div id=\"videoincontent\" style=\"clear:both\";><\/div>","protected":false},"excerpt":{"rendered":"<p>ROMA (ITALPRESS) &#8211; WindTre ha firmato stamani a Roma un protocollo di cooperazione annuale con le associazioni dei Consumatori, per promuovere una serie di iniziative che favoriscano il comune obiettivo di un uso consapevole delle tecnologie digitali, fondamentali per lo sviluppo del Paese. &#8220;Ho avuto l&#8217;opportunit\u00e0 di lavorare in quattro continenti e una cosa che [&hellip;]<\/p>\n","protected":false},"author":18,"featured_media":84289,"comment_status":"closed","ping_status":"closed","sticky":false,"template":"","format":"standard","meta":{"ub_ctt_via":"","_mi_skip_tracking":false},"categories":[446],"tags":[783],"featured_image_src":"https:\/\/www.messinaoggi.it\/website\/wp-content\/uploads\/2021\/10\/20211020_1082.jpg","author_info":{"display_name":"Admin","author_link":"https:\/\/www.messinaoggi.it\/website\/author\/admin\/"},"digistream_id":0,"digistream":false,"_links":{"self":[{"href":"https:\/\/www.messinaoggi.it\/website\/wp-json\/wp\/v2\/posts\/84288"}],"collection":[{"href":"https:\/\/www.messinaoggi.it\/website\/wp-json\/wp\/v2\/posts"}],"about":[{"href":"https:\/\/www.messinaoggi.it\/website\/wp-json\/wp\/v2\/types\/post"}],"author":[{"embeddable":true,"href":"https:\/\/www.messinaoggi.it\/website\/wp-json\/wp\/v2\/users\/18"}],"replies":[{"embeddable":true,"href":"https:\/\/www.messinaoggi.it\/website\/wp-json\/wp\/v2\/comments?post=84288"}],"version-history":[{"count":0,"href":"https:\/\/www.messinaoggi.it\/website\/wp-json\/wp\/v2\/posts\/84288\/revisions"}],"wp:featuredmedia":[{"embeddable":true,"href":"https:\/\/www.messinaoggi.it\/website\/wp-json\/wp\/v2\/media\/84289"}],"wp:attachment":[{"href":"https:\/\/www.messinaoggi.it\/website\/wp-json\/wp\/v2\/media?parent=84288"}],"wp:term":[{"taxonomy":"category","embeddable":true,"href":"https:\/\/www.messinaoggi.it\/website\/wp-json\/wp\/v2\/categories?post=84288"},{"taxonomy":"post_tag","embeddable":true,"href":"https:\/\/www.messinaoggi.it\/website\/wp-json\/wp\/v2\/tags?post=84288"}],"curies":[{"name":"wp","href":"https:\/\/api.w.org\/{rel}","templated":true}]}}