{"id":84263,"date":"2021-10-20T14:07:45","date_gmt":"2021-10-20T12:07:45","guid":{"rendered":"https:\/\/www.messinaoggi.it\/website\/2021\/10\/20\/draghi-si-sta-in-europa-non-per-bisogno-ma-per-realismo-e-idealismo\/"},"modified":"2021-10-20T14:07:45","modified_gmt":"2021-10-20T12:07:45","slug":"draghi-si-sta-in-europa-non-per-bisogno-ma-per-realismo-e-idealismo","status":"publish","type":"post","link":"https:\/\/www.messinaoggi.it\/website\/2021\/10\/20\/draghi-si-sta-in-europa-non-per-bisogno-ma-per-realismo-e-idealismo\/","title":{"rendered":"Draghi \u201cSi sta in Europa non per bisogno ma per realismo e idealismo\u201d"},"content":{"rendered":"<div>ROMA (ITALPRESS) &#8211; &#8220;Pi\u00f9 si va avanti e pi\u00f9 si scopre che non riusciamo a vincere queste sfide globali che superano i confini nazionali. Non saremo riusciti a vincere le sfide della pandemia, certamente non saremo riusciti a vincere la sfida di costruire una ripresa dopo il disastro provocato dalla pandemia. E&#8217; impossibile vincere la sfida del digitale, della transizione ecologica&#8221;. Lo ha detto il premier Mario Draghi, nella sua replica in Senato dopo le comunicazioni in vista del Consiglio Europeo.<br \/>&#8220;A questo devo aggiungere, che visti gli ultimi sviluppi internazionali, non potremmo mai vincere sul piano nazionale la sfida della difesa. Gli ultimi sviluppi hanno mostrato come inevitabile, necessaria, la costruzione di una difesa europea. Ci\u00f2 richiede un&#8217;enormit\u00e0 di mezzi, che certamente un paese singolo non ha &#8211; ha proseguito -. Per darvi un&#8217;idea: la stima della Commissione europea di fabbisogno di investimento addizionale, privato e pubblico, riguardo alla transizione verde e a quella digitale sar\u00e0 di circa 650 miliardi di euro all&#8217;anno fino al 2030. La transizione verde soltanto comporter\u00e0 investimenti per 520 miliardi per anno. I settori dell&#8217;energia e dei trasporti richiederanno una stima di investimenti di 390 miliardi di euro per anno, cio\u00e8 a dire il 50 per cento superiore che non in passato&#8221;.<br \/>&#8220;Sono dimensioni che non riusciamo semplicemente ad affrontare a livello nazionale. Per cui L&#8217;Europa svolger\u00e0 necessariamente un ruolo unico, insostituibile, sia per le dimensioni degli interventi sia per le molte circostanze in cui la solidariet\u00e0 sar\u00e0 necessaria, come \u00e8 stato in passato. Questi sono i fatti che in un certo senso accompagnano le nostre convinzioni ideali. Non \u00e8 solo per bisogno che si sta in Europa, \u00e8 per realismo e per idealismo &#8211; ha sottolineato il premier -. In ultimo, questa convergenza di idealismo e realismo non pu\u00f2 che portare, a mio avviso, a una risposta alla questione istituzionale che veniva sollevata dalla senatrice Bonino e anche da altri. Come questo possa avvenire, non riusciamo a saperlo ora. Questo \u00e8 un momento, come avete detto, di grande transizione politica, nei maggiori Paesi dell&#8217;Ue, quindi ci vuole certamente una situazione politica con un orizzonte davanti che permetta di riavviare questo processo di ricostruzione dei meccanismi di decisione a livello europeo&#8221;.<br \/>(ITALPRESS).<\/div>\n<div id=\"div-gpt-ad-Messinaoggi.it-DSK-300x250-corpoart\" style=\"text-align:center;margin:0 auto;\"><\/div><\/p><div id=\"videoincontent\" style=\"clear:both\";><\/div>","protected":false},"excerpt":{"rendered":"<p>ROMA (ITALPRESS) &#8211; &#8220;Pi\u00f9 si va avanti e pi\u00f9 si scopre che non riusciamo a vincere queste sfide globali che superano i confini nazionali. Non saremo riusciti a vincere le sfide della pandemia, certamente non saremo riusciti a vincere la sfida di costruire una ripresa dopo il disastro provocato dalla pandemia. E&#8217; impossibile vincere la [&hellip;]<\/p>\n","protected":false},"author":18,"featured_media":84264,"comment_status":"closed","ping_status":"closed","sticky":false,"template":"","format":"standard","meta":{"ub_ctt_via":"","_mi_skip_tracking":false},"categories":[446],"tags":[783],"featured_image_src":"https:\/\/www.messinaoggi.it\/website\/wp-content\/uploads\/2021\/10\/20211020_0749.jpg","author_info":{"display_name":"Admin","author_link":"https:\/\/www.messinaoggi.it\/website\/author\/admin\/"},"digistream_id":0,"digistream":false,"_links":{"self":[{"href":"https:\/\/www.messinaoggi.it\/website\/wp-json\/wp\/v2\/posts\/84263"}],"collection":[{"href":"https:\/\/www.messinaoggi.it\/website\/wp-json\/wp\/v2\/posts"}],"about":[{"href":"https:\/\/www.messinaoggi.it\/website\/wp-json\/wp\/v2\/types\/post"}],"author":[{"embeddable":true,"href":"https:\/\/www.messinaoggi.it\/website\/wp-json\/wp\/v2\/users\/18"}],"replies":[{"embeddable":true,"href":"https:\/\/www.messinaoggi.it\/website\/wp-json\/wp\/v2\/comments?post=84263"}],"version-history":[{"count":0,"href":"https:\/\/www.messinaoggi.it\/website\/wp-json\/wp\/v2\/posts\/84263\/revisions"}],"wp:featuredmedia":[{"embeddable":true,"href":"https:\/\/www.messinaoggi.it\/website\/wp-json\/wp\/v2\/media\/84264"}],"wp:attachment":[{"href":"https:\/\/www.messinaoggi.it\/website\/wp-json\/wp\/v2\/media?parent=84263"}],"wp:term":[{"taxonomy":"category","embeddable":true,"href":"https:\/\/www.messinaoggi.it\/website\/wp-json\/wp\/v2\/categories?post=84263"},{"taxonomy":"post_tag","embeddable":true,"href":"https:\/\/www.messinaoggi.it\/website\/wp-json\/wp\/v2\/tags?post=84263"}],"curies":[{"name":"wp","href":"https:\/\/api.w.org\/{rel}","templated":true}]}}