{"id":84244,"date":"2021-10-20T12:07:32","date_gmt":"2021-10-20T10:07:32","guid":{"rendered":"https:\/\/www.messinaoggi.it\/website\/2021\/10\/20\/speranza-nel-2024-il-fondo-sanitario-nazionale-salira-a-128-mld\/"},"modified":"2021-10-20T16:11:08","modified_gmt":"2021-10-20T14:11:08","slug":"speranza-nel-2024-il-fondo-sanitario-nazionale-salira-a-128-mld","status":"publish","type":"post","link":"https:\/\/www.messinaoggi.it\/website\/2021\/10\/20\/speranza-nel-2024-il-fondo-sanitario-nazionale-salira-a-128-mld\/","title":{"rendered":"Speranza \u201cNel 2024 il Fondo Sanitario Nazionale salir\u00e0 a 128 mld\u201d"},"content":{"rendered":"<div>ROMA (ITALPRESS) &#8211; &#8220;Quando sono diventato ministro della Salute il fondo sanitario nazionale aveva circa 114 miliardi di euro. Oggi siamo arrivati a 122 miliardi con una crescita in pochi mesi che non si era mai vista prima. Ora confermiamo gli investimenti fatti che diventano permanenti e ci impegniamo ad accrescere ancora il fondo di 2 miliardi nel 2022, di 4 nel 2023 e di 6 nel 2024 quando si arriver\u00e0 a 128 miliardi complessivi. La stagione dei tagli \u00e8 definitivamente chiusa. La forza del nostro Servizio Sanitario Nazionale \u00e8 la premessa per la ripartenza dell&#8217;Italia&#8221;. Lo annuncia su Facebook il ministro della Salute Roberto Speranza.<br \/>(ITALPRESS).<\/div>\n<div id=\"div-gpt-ad-Messinaoggi.it-DSK-300x250-corpoart\" style=\"text-align:center;margin:0 auto;\"><\/div><\/p><div id=\"videoincontent\" style=\"clear:both\";><\/div>","protected":false},"excerpt":{"rendered":"<p>ROMA (ITALPRESS) &#8211; &#8220;Quando sono diventato ministro della Salute il fondo sanitario nazionale aveva circa 114 miliardi di euro. Oggi siamo arrivati a 122 miliardi con una crescita in pochi mesi che non si era mai vista prima. Ora confermiamo gli investimenti fatti che diventano permanenti e ci impegniamo ad accrescere ancora il fondo di [&hellip;]<\/p>\n","protected":false},"author":18,"featured_media":84245,"comment_status":"closed","ping_status":"closed","sticky":false,"template":"","format":"standard","meta":{"ub_ctt_via":"","_mi_skip_tracking":false},"categories":[221,446],"tags":[783],"featured_image_src":"https:\/\/www.messinaoggi.it\/website\/wp-content\/uploads\/2021\/10\/20211020_0295.jpg","author_info":{"display_name":"Admin","author_link":"https:\/\/www.messinaoggi.it\/website\/author\/admin\/"},"digistream_id":0,"digistream":false,"_links":{"self":[{"href":"https:\/\/www.messinaoggi.it\/website\/wp-json\/wp\/v2\/posts\/84244"}],"collection":[{"href":"https:\/\/www.messinaoggi.it\/website\/wp-json\/wp\/v2\/posts"}],"about":[{"href":"https:\/\/www.messinaoggi.it\/website\/wp-json\/wp\/v2\/types\/post"}],"author":[{"embeddable":true,"href":"https:\/\/www.messinaoggi.it\/website\/wp-json\/wp\/v2\/users\/18"}],"replies":[{"embeddable":true,"href":"https:\/\/www.messinaoggi.it\/website\/wp-json\/wp\/v2\/comments?post=84244"}],"version-history":[{"count":1,"href":"https:\/\/www.messinaoggi.it\/website\/wp-json\/wp\/v2\/posts\/84244\/revisions"}],"predecessor-version":[{"id":84291,"href":"https:\/\/www.messinaoggi.it\/website\/wp-json\/wp\/v2\/posts\/84244\/revisions\/84291"}],"wp:featuredmedia":[{"embeddable":true,"href":"https:\/\/www.messinaoggi.it\/website\/wp-json\/wp\/v2\/media\/84245"}],"wp:attachment":[{"href":"https:\/\/www.messinaoggi.it\/website\/wp-json\/wp\/v2\/media?parent=84244"}],"wp:term":[{"taxonomy":"category","embeddable":true,"href":"https:\/\/www.messinaoggi.it\/website\/wp-json\/wp\/v2\/categories?post=84244"},{"taxonomy":"post_tag","embeddable":true,"href":"https:\/\/www.messinaoggi.it\/website\/wp-json\/wp\/v2\/tags?post=84244"}],"curies":[{"name":"wp","href":"https:\/\/api.w.org\/{rel}","templated":true}]}}