{"id":84229,"date":"2021-10-20T09:07:34","date_gmt":"2021-10-20T07:07:34","guid":{"rendered":"https:\/\/www.messinaoggi.it\/website\/2021\/10\/20\/ue-gentiloni-adattare-il-patto-di-stabilita-agli-investimenti\/"},"modified":"2021-10-20T09:07:34","modified_gmt":"2021-10-20T07:07:34","slug":"ue-gentiloni-adattare-il-patto-di-stabilita-agli-investimenti","status":"publish","type":"post","link":"https:\/\/www.messinaoggi.it\/website\/2021\/10\/20\/ue-gentiloni-adattare-il-patto-di-stabilita-agli-investimenti\/","title":{"rendered":"Ue, Gentiloni \u201cAdattare il Patto di Stabilit\u00e0 agli investimenti\u201d"},"content":{"rendered":"<div>BRUXELLES (BELGIO) (ITALPRESS) &#8211; Il Patto di Stabilit\u00e0 &#8220;ha ottenuto risultati ambivalenti. Da un lato \u00e8 stato uno strumento unico per coordinare le politiche di bilancio e tenere sotto controllo il deficit. Dall&#8217;altro vi sono questioni aperte, a cominciare dalla complessit\u00e0 delle regole e dalla loro tendenza pro-ciclica. Inoltre, dobbiamo capire come poterle adattare alle nuove necessit\u00e0 di investire nell&#8217;economia&#8221;. Lo afferma il commissario europeo all&#8217;Economia Paolo Gentiloni, parlando a un gruppo di giornali europei, tra cui Il Sole 24 Ore.<br \/>&#8220;Cambiamenti sono necessari. Non mi riferisco a cambiamenti dei Trattati o delle regole fondamentali (per cui sarebbe necessario il consenso unanime dei Paesi membri, ndr) perch\u00e8 dobbiamo tenere conto della realt\u00e0 delle cose&#8221;, sottolinea Gentiloni, per il quale &#8220;abbiamo certamente bisogno di promuovere investimenti pubblici. Non vedo soluzioni miracolo. E&#8217; necessario discuterne. Credo che avremo bisogno di creativit\u00e0, e non semplicemente di riproporre precedenti proposte&#8221;.<br \/>Secondo l&#8217;ex premier italiano &#8220;anche la regola del deficit \u00e8 sotto pressione a causa degli effetti economici della pandemia. Sappiamo che il disavanzo medio non torner\u00e0 sotto il 3% del Pil nel 2021 o nel 2022; ma mi sembra che nel breve-medio periodo questa possa essere una regola che con qualche flessibilit\u00e0 non sia impossibile da rispettare. Non \u00e8 possibile confrontare debito e deficit. L&#8217;aumento del disavanzo \u00e8 probabilmente temporaneo. Lo stesso non pu\u00f2 dirsi per l&#8217;incremento del debito&#8221;.<br \/>(ITALPRESS).<\/div>\n<div id=\"div-gpt-ad-Messinaoggi.it-DSK-300x250-corpoart\" style=\"text-align:center;margin:0 auto;\"><\/div><\/p><div id=\"videoincontent\" style=\"clear:both\";><\/div>","protected":false},"excerpt":{"rendered":"<p>BRUXELLES (BELGIO) (ITALPRESS) &#8211; Il Patto di Stabilit\u00e0 &#8220;ha ottenuto risultati ambivalenti. Da un lato \u00e8 stato uno strumento unico per coordinare le politiche di bilancio e tenere sotto controllo il deficit. Dall&#8217;altro vi sono questioni aperte, a cominciare dalla complessit\u00e0 delle regole e dalla loro tendenza pro-ciclica. Inoltre, dobbiamo capire come poterle adattare alle [&hellip;]<\/p>\n","protected":false},"author":18,"featured_media":84230,"comment_status":"closed","ping_status":"closed","sticky":false,"template":"","format":"standard","meta":{"ub_ctt_via":"","_mi_skip_tracking":false},"categories":[446],"tags":[783],"featured_image_src":"https:\/\/www.messinaoggi.it\/website\/wp-content\/uploads\/2021\/10\/20211020_0097.jpg","author_info":{"display_name":"Admin","author_link":"https:\/\/www.messinaoggi.it\/website\/author\/admin\/"},"digistream_id":0,"digistream":false,"_links":{"self":[{"href":"https:\/\/www.messinaoggi.it\/website\/wp-json\/wp\/v2\/posts\/84229"}],"collection":[{"href":"https:\/\/www.messinaoggi.it\/website\/wp-json\/wp\/v2\/posts"}],"about":[{"href":"https:\/\/www.messinaoggi.it\/website\/wp-json\/wp\/v2\/types\/post"}],"author":[{"embeddable":true,"href":"https:\/\/www.messinaoggi.it\/website\/wp-json\/wp\/v2\/users\/18"}],"replies":[{"embeddable":true,"href":"https:\/\/www.messinaoggi.it\/website\/wp-json\/wp\/v2\/comments?post=84229"}],"version-history":[{"count":0,"href":"https:\/\/www.messinaoggi.it\/website\/wp-json\/wp\/v2\/posts\/84229\/revisions"}],"wp:featuredmedia":[{"embeddable":true,"href":"https:\/\/www.messinaoggi.it\/website\/wp-json\/wp\/v2\/media\/84230"}],"wp:attachment":[{"href":"https:\/\/www.messinaoggi.it\/website\/wp-json\/wp\/v2\/media?parent=84229"}],"wp:term":[{"taxonomy":"category","embeddable":true,"href":"https:\/\/www.messinaoggi.it\/website\/wp-json\/wp\/v2\/categories?post=84229"},{"taxonomy":"post_tag","embeddable":true,"href":"https:\/\/www.messinaoggi.it\/website\/wp-json\/wp\/v2\/tags?post=84229"}],"curies":[{"name":"wp","href":"https:\/\/api.w.org\/{rel}","templated":true}]}}