{"id":84217,"date":"2021-10-19T22:49:56","date_gmt":"2021-10-19T20:49:56","guid":{"rendered":"http:\/\/www.messinaoggi.it\/website\/?p=84217"},"modified":"2021-10-19T22:55:03","modified_gmt":"2021-10-19T20:55:03","slug":"la-democrazia-cristiana-prende-le-distanze-da-toto-cuffaro","status":"publish","type":"post","link":"https:\/\/www.messinaoggi.it\/website\/2021\/10\/19\/la-democrazia-cristiana-prende-le-distanze-da-toto-cuffaro\/","title":{"rendered":"La Democrazia cristiana prende le distanze da Tot\u00f2 Cuffaro"},"content":{"rendered":"\n<p>&#8220;Duole dover constatare che Tot\u00f2 Cuffaro, nonostante diverse nostre diffide e a dispetto delle sentenze emesse dall\u2019Autorit\u00e0 Giudiziaria, continui indebitamente a fare attivit\u00e0 politica, usurpando la nostra identit\u00e0, ovvero quella della Democrazia cristiana&#8221;: esordisce cos\u00ec con amarezza la portavoce nazionale della Democrazia Cristiana, Sabina Scaravaggi. Che seguita: \u00abIn diversi proclami pubblicati dagli organi di stampa, Cuffaro con toni epici ha fatto riferimento a una \u201crinascita\u201d a un \u201critorno\u201d della Dc, autoriconoscendosi ruoli e meriti che purtroppo non ha. Di quale \u201crinascita\u201d parla? La Democrazia cristiana esiste gi\u00e0 e non necessita di alcuna rifondazione. La nostra non \u00e8 una posizione assunta per \u201cpartito preso\u201d, ma una verit\u00e0 cristallizzata nelle aule di tribunale . Per ultimo, le Sezioni Unite della Corte di Cassazione (sentenza 25999\/10 ) hanno sentenziato che la Democrazia cristiana \u00e8 da riconoscersi unicamente con l\u2019originaria struttura identificata negli iscritti del 1993 e oggi facenti riferimento al Segretario Nazionale Franco De Simoni . A chiunque altro rimane interdetto sia l\u2019utilizzo dello storico simbolo dello scudo crociato sia quello della dizione \u201cDemocrazia cristiana&#8221;.<div id=\"div-gpt-ad-Messinaoggi.it-DSK-300x250-corpoart\" style=\"text-align:center;margin:0 auto;\"><\/div><\/p>\n<div id=\"videoincontent\" style=\"clear:both\";><\/div>","protected":false},"excerpt":{"rendered":"<p>&#8220;Duole dover constatare che Tot\u00f2 Cuffaro, nonostante diverse nostre diffide e a dispetto delle sentenze emesse dall\u2019Autorit\u00e0 Giudiziaria, continui indebitamente a fare attivit\u00e0 politica, usurpando la nostra identit\u00e0, ovvero quella della Democrazia cristiana&#8221;: esordisce cos\u00ec con amarezza la portavoce nazionale della Democrazia Cristiana, Sabina Scaravaggi. Che seguita: \u00abIn diversi proclami pubblicati dagli organi di stampa, [&hellip;]<\/p>\n","protected":false},"author":4,"featured_media":84220,"comment_status":"open","ping_status":"open","sticky":false,"template":"","format":"standard","meta":{"ub_ctt_via":"","_mi_skip_tracking":false},"categories":[4],"tags":[3284,3285],"featured_image_src":"https:\/\/www.messinaoggi.it\/website\/wp-content\/uploads\/2021\/10\/manifesto20democrazia20cr_126072.jpg","author_info":{"display_name":"redme","author_link":"https:\/\/www.messinaoggi.it\/website\/author\/redme\/"},"digistream_id":0,"digistream":false,"_links":{"self":[{"href":"https:\/\/www.messinaoggi.it\/website\/wp-json\/wp\/v2\/posts\/84217"}],"collection":[{"href":"https:\/\/www.messinaoggi.it\/website\/wp-json\/wp\/v2\/posts"}],"about":[{"href":"https:\/\/www.messinaoggi.it\/website\/wp-json\/wp\/v2\/types\/post"}],"author":[{"embeddable":true,"href":"https:\/\/www.messinaoggi.it\/website\/wp-json\/wp\/v2\/users\/4"}],"replies":[{"embeddable":true,"href":"https:\/\/www.messinaoggi.it\/website\/wp-json\/wp\/v2\/comments?post=84217"}],"version-history":[{"count":1,"href":"https:\/\/www.messinaoggi.it\/website\/wp-json\/wp\/v2\/posts\/84217\/revisions"}],"predecessor-version":[{"id":84219,"href":"https:\/\/www.messinaoggi.it\/website\/wp-json\/wp\/v2\/posts\/84217\/revisions\/84219"}],"wp:featuredmedia":[{"embeddable":true,"href":"https:\/\/www.messinaoggi.it\/website\/wp-json\/wp\/v2\/media\/84220"}],"wp:attachment":[{"href":"https:\/\/www.messinaoggi.it\/website\/wp-json\/wp\/v2\/media?parent=84217"}],"wp:term":[{"taxonomy":"category","embeddable":true,"href":"https:\/\/www.messinaoggi.it\/website\/wp-json\/wp\/v2\/categories?post=84217"},{"taxonomy":"post_tag","embeddable":true,"href":"https:\/\/www.messinaoggi.it\/website\/wp-json\/wp\/v2\/tags?post=84217"}],"curies":[{"name":"wp","href":"https:\/\/api.w.org\/{rel}","templated":true}]}}