{"id":84202,"date":"2021-10-19T21:17:31","date_gmt":"2021-10-19T19:17:31","guid":{"rendered":"https:\/\/www.messinaoggi.it\/website\/2021\/10\/19\/palermo-amap-chiarire-responsabilita-su-canale-fognario-mondello\/"},"modified":"2021-10-19T21:17:31","modified_gmt":"2021-10-19T19:17:31","slug":"palermo-amap-chiarire-responsabilita-su-canale-fognario-mondello","status":"publish","type":"post","link":"https:\/\/www.messinaoggi.it\/website\/2021\/10\/19\/palermo-amap-chiarire-responsabilita-su-canale-fognario-mondello\/","title":{"rendered":"Palermo, Amap \u201cChiarire responsabilit\u00e0 su canale fognario Mondello\u201d"},"content":{"rendered":"<div>\n<p>PALERMO (ITALPRESS) \u2013 L\u2019Amap non \u00e8 proprietaria e non ha alcun incarico formale alla gestione del canale cosiddetto \u201cFerro di Cavallo\u201d, nella borgata palermitana di Mondello, ma nonostante questo, \u201cper spirito di servizio nei confronti della comunit\u00e0 e dei cittadini\u201d ha garantito la movimentazione delle paratie dello sbocco nord (quello vicino la piazza in prossimit\u00e0 della Capitaneria di Porto, ndr), nei casi di allerta meteo arancione o rossa. Lo ha chiarito, intervenendo ai lavori della IV Commissione dell\u2019Assemblea Regionale Siciliana, l\u2019Amministratore unico della societ\u00e0, Alessandro Di Martino.<br \/>Il responsabile della partecipata ha infatti fatto presente che non esiste alcun documento, successivo all\u2019entrata in vigore del codice dell\u2019ambiente che all\u2019art.133 assegna le competenze sulle acque meteoriche alle regioni, che assegni al Comune o all\u2019Amap la gestione del canale ed ancor meno la sua manutenzione ordinaria o straordinaria.<br \/>\u201cQuando siamo intervenuti per la rimozione di detriti e massi \u2013 ha poi detto Di Martino, ricordando l\u2019intervento effettuato a novembre dello scorso anno \u2013 lo abbiamo fatto con i nostri mezzi, ma su un preciso incarico del Commissario Regionale contro il dissesto idrogeologico, che ha garantito il finanziamento nell\u2019ambito dell\u2019appalto complessivo per la bonifica del canale, di cui \u00e8 soggetto attuatore\u201d.<br \/>\u201cFerma restando la nostra massima disponibilit\u00e0 a garantire un servizio utile ai cittadini, non possiamo per\u00f2 accettare che questa venga confusa o peggio spacciata per responsabilit\u00e0 diretta dell\u2019Amap \u2013 ha aggiunto -. Per questo ci auguriamo che dalla riunione di oggi, e al netto di alcuni tentativi di stravolgerne il senso istituzionale a fini partitici, venga fuori un momento di chiarimento fra Comune, Regione, Commissario e Protezione Civile che chiarisca in modo univoco e definitivo compiti, responsabilit\u00e0 e risorse perch\u00e8 il Ferro di cavallo possa tornare ad essere efficiente ed efficace nel combattere gli allagamenti di Partanna-Mondello\u201d.<br \/>Nel corso dell\u2019incontro \u00e8 stato anche affrontato il tema degli scarichi fognari della zona, chiarendo che questi non hanno alcuna relazione con i fenomeni di allagamento che infatti si manifestano solo in presenza di abbondanti piogge ed hanno quindi unicamente origine meteorica. \u201cIn ogni caso e sempre nello spirito di collaborazione e servizio che contraddistingue il nostro lavoro \u2013 ha detto Di Martino \u2013 anche per quanto riguarda il settore fognario e della depurazinoe, per il quale abbiamo competenze esclusive dal 2018, abbiamo mostrato massima disponibilit\u00e0 tanto al Comune quanto al Commissario unico nazionale che sta curando importanti interventi anche in quell\u2019area, gravata di criticit\u00e0 dovute non alle reti fognarie in gestione Amap ma a carenze strutturali del sistema di smaltimento delle acque meteoriche\u201d.<br \/>(ITALPRESS).<div id=\"div-gpt-ad-Messinaoggi.it-DSK-300x250-corpoart\" style=\"text-align:center;margin:0 auto;\"><\/div><\/p>\n<\/div>\n<div id=\"videoincontent\" style=\"clear:both\";><\/div>","protected":false},"excerpt":{"rendered":"<p>PALERMO (ITALPRESS) \u2013 L\u2019Amap non \u00e8 proprietaria e non ha alcun incarico formale alla gestione del canale cosiddetto \u201cFerro di Cavallo\u201d, nella borgata palermitana di Mondello, ma nonostante questo, \u201cper spirito di servizio nei confronti della comunit\u00e0 e dei cittadini\u201d ha garantito la movimentazione delle paratie dello sbocco nord (quello vicino la piazza in prossimit\u00e0 [&hellip;]<\/p>\n","protected":false},"author":18,"featured_media":84203,"comment_status":"closed","ping_status":"closed","sticky":false,"template":"","format":"standard","meta":{"ub_ctt_via":"","_mi_skip_tracking":false},"categories":[2449],"tags":[783],"featured_image_src":"https:\/\/www.messinaoggi.it\/website\/wp-content\/uploads\/2021\/10\/20211019_2378.jpg","author_info":{"display_name":"Admin","author_link":"https:\/\/www.messinaoggi.it\/website\/author\/admin\/"},"digistream_id":0,"digistream":false,"_links":{"self":[{"href":"https:\/\/www.messinaoggi.it\/website\/wp-json\/wp\/v2\/posts\/84202"}],"collection":[{"href":"https:\/\/www.messinaoggi.it\/website\/wp-json\/wp\/v2\/posts"}],"about":[{"href":"https:\/\/www.messinaoggi.it\/website\/wp-json\/wp\/v2\/types\/post"}],"author":[{"embeddable":true,"href":"https:\/\/www.messinaoggi.it\/website\/wp-json\/wp\/v2\/users\/18"}],"replies":[{"embeddable":true,"href":"https:\/\/www.messinaoggi.it\/website\/wp-json\/wp\/v2\/comments?post=84202"}],"version-history":[{"count":0,"href":"https:\/\/www.messinaoggi.it\/website\/wp-json\/wp\/v2\/posts\/84202\/revisions"}],"wp:featuredmedia":[{"embeddable":true,"href":"https:\/\/www.messinaoggi.it\/website\/wp-json\/wp\/v2\/media\/84203"}],"wp:attachment":[{"href":"https:\/\/www.messinaoggi.it\/website\/wp-json\/wp\/v2\/media?parent=84202"}],"wp:term":[{"taxonomy":"category","embeddable":true,"href":"https:\/\/www.messinaoggi.it\/website\/wp-json\/wp\/v2\/categories?post=84202"},{"taxonomy":"post_tag","embeddable":true,"href":"https:\/\/www.messinaoggi.it\/website\/wp-json\/wp\/v2\/tags?post=84202"}],"curies":[{"name":"wp","href":"https:\/\/api.w.org\/{rel}","templated":true}]}}