{"id":84198,"date":"2021-10-19T20:07:31","date_gmt":"2021-10-19T18:07:31","guid":{"rendered":"https:\/\/www.messinaoggi.it\/website\/2021\/10\/19\/scontri-roma-salvini-lamorgese-si-prenda-le-sue-responsabilita\/"},"modified":"2021-10-19T20:07:31","modified_gmt":"2021-10-19T18:07:31","slug":"scontri-roma-salvini-lamorgese-si-prenda-le-sue-responsabilita","status":"publish","type":"post","link":"https:\/\/www.messinaoggi.it\/website\/2021\/10\/19\/scontri-roma-salvini-lamorgese-si-prenda-le-sue-responsabilita\/","title":{"rendered":"Scontri Roma, Salvini \u201cLamorgese si prenda le sue responsabilit\u00e0\u201d"},"content":{"rendered":"<div>ROMA (ITALPRESS) &#8211; &#8220;Quel cretino, quel delinquente, non doveva essere in quella piazza. Perch\u00e8 ce l&#8217;avete lasciato? Ministro si prenda le sue responsabilit\u00e0, se non l&#8217;ha capito che stava succedendo \u00e8 grave, se l&#8217;aveva capito era ancora pi\u00f9 grave. Se non sapete isolare 20 imbecille non sapete fare il vostro lavoro&#8221;. Cos\u00ec il leader della Lega, Matteo Salvini, in Senato dopo l&#8217;intervento della ministra dell&#8217;Interno Luciana Lamorgese, sui fatti della manifestazione del 9 ottobre a Roma.<br \/>&#8220;Quello che manca \u00e8 un accenno di autocritica, da parte sua non c&#8217;\u00e8 stata nessuna autocritica. Il presidente della Commissione Antimafia Morra, ha affermato pubblicamente che nelle prefetture si annidano camorristi e mafiosi e dopo 10 giorni lei non ha ancora chiarito quelle parole. Vuol dire che uno dei due \u00e8 nel posto sbagliato&#8221;, ha aggiunto. &#8220;Vi pare normale che ci sia stata una manifestazione di parte il sabato a Roma e gli idranti a Trieste a urne aperte. Nemmeno in Cile&#8221;, ha sottolineato il leader della Lega.<br \/>(ITALPRESS).<\/div>\n<div id=\"div-gpt-ad-Messinaoggi.it-DSK-300x250-corpoart\" style=\"text-align:center;margin:0 auto;\"><\/div><\/p><div id=\"videoincontent\" style=\"clear:both\";><\/div>","protected":false},"excerpt":{"rendered":"<p>ROMA (ITALPRESS) &#8211; &#8220;Quel cretino, quel delinquente, non doveva essere in quella piazza. Perch\u00e8 ce l&#8217;avete lasciato? Ministro si prenda le sue responsabilit\u00e0, se non l&#8217;ha capito che stava succedendo \u00e8 grave, se l&#8217;aveva capito era ancora pi\u00f9 grave. Se non sapete isolare 20 imbecille non sapete fare il vostro lavoro&#8221;. Cos\u00ec il leader della [&hellip;]<\/p>\n","protected":false},"author":18,"featured_media":84199,"comment_status":"closed","ping_status":"closed","sticky":false,"template":"","format":"standard","meta":{"ub_ctt_via":"","_mi_skip_tracking":false},"categories":[446],"tags":[783],"featured_image_src":"https:\/\/www.messinaoggi.it\/website\/wp-content\/uploads\/2021\/10\/20211019_2278.jpg","author_info":{"display_name":"Admin","author_link":"https:\/\/www.messinaoggi.it\/website\/author\/admin\/"},"digistream_id":0,"digistream":false,"_links":{"self":[{"href":"https:\/\/www.messinaoggi.it\/website\/wp-json\/wp\/v2\/posts\/84198"}],"collection":[{"href":"https:\/\/www.messinaoggi.it\/website\/wp-json\/wp\/v2\/posts"}],"about":[{"href":"https:\/\/www.messinaoggi.it\/website\/wp-json\/wp\/v2\/types\/post"}],"author":[{"embeddable":true,"href":"https:\/\/www.messinaoggi.it\/website\/wp-json\/wp\/v2\/users\/18"}],"replies":[{"embeddable":true,"href":"https:\/\/www.messinaoggi.it\/website\/wp-json\/wp\/v2\/comments?post=84198"}],"version-history":[{"count":0,"href":"https:\/\/www.messinaoggi.it\/website\/wp-json\/wp\/v2\/posts\/84198\/revisions"}],"wp:featuredmedia":[{"embeddable":true,"href":"https:\/\/www.messinaoggi.it\/website\/wp-json\/wp\/v2\/media\/84199"}],"wp:attachment":[{"href":"https:\/\/www.messinaoggi.it\/website\/wp-json\/wp\/v2\/media?parent=84198"}],"wp:term":[{"taxonomy":"category","embeddable":true,"href":"https:\/\/www.messinaoggi.it\/website\/wp-json\/wp\/v2\/categories?post=84198"},{"taxonomy":"post_tag","embeddable":true,"href":"https:\/\/www.messinaoggi.it\/website\/wp-json\/wp\/v2\/tags?post=84198"}],"curies":[{"name":"wp","href":"https:\/\/api.w.org\/{rel}","templated":true}]}}