{"id":84172,"date":"2021-10-19T17:07:31","date_gmt":"2021-10-19T15:07:31","guid":{"rendered":"https:\/\/www.messinaoggi.it\/website\/2021\/10\/19\/senatrice-entra-senza-green-pass-lavori-in-commissione-sospesi\/"},"modified":"2021-10-19T17:07:31","modified_gmt":"2021-10-19T15:07:31","slug":"senatrice-entra-senza-green-pass-lavori-in-commissione-sospesi","status":"publish","type":"post","link":"https:\/\/www.messinaoggi.it\/website\/2021\/10\/19\/senatrice-entra-senza-green-pass-lavori-in-commissione-sospesi\/","title":{"rendered":"Senatrice entra senza green pass, lavori in Commissione sospesi"},"content":{"rendered":"<div>ROMA (ITALPRESS) &#8211; Lavori sospesi alla commissione Affari Costituzionali di Palazzo Madama. La senatrice di Alternativa C&#8217;\u00e8, Bianca Laura Granato, \u00e8 entrata rifiutando di mostrare il proprio green pass e si \u00e8 recata nella sala dove si riunisce la commissione. Il presidente della Commissione Dario Parrini ha quindi sospeso i lavori.<br \/>Ieri la senatrice aveva annunciato che si sarebbe rifiutata di esibire il Green Pass all&#8217;ingresso di Palazzo Madama. <br \/>&#8220;Quando sono fuori dal Senato &#8211; dice la senatrice Granato &#8211; per rispettare tutte le regole cui sono sottoposti anche gli altri cittadini lo esibisco, ma nel luogo deputato alla rappresentanza dei cittadini mi rifiuto di piegarmi a una distorsione del regolamento del Senato, oltretutto derivante da un decreto legge, un atto unilaterale del governo che ancora non \u00e8 stato convertito in legge e che adesso il Parlamento sta discutendo&#8221;. La senatrice aveva sottolineato: &#8220;Se non mi fosse data la possibilit\u00e0 di entrare in Senato, di difendere gli emendamenti che ho presentato e questi decadessero, sarebbe un atto gravissimo. Infatti se sono assenti i proponenti gli emendamenti decadono in automatico&#8221;.<br \/>&#8220;Esprimiamo la nostra vicinanza e solidariet\u00e0 alla collega Bianca Laura Granato per la compressione dei suoi diritti di senatrice ad opera del senatore Dario Parrini, presidente della Commissione Affari Costituzionali di Palazzo Madama, che ha sospeso la seduta della commissione additandola, rivelandone nome e cognome, come responsabile di chiss\u00e0 quale reato. Forse \u00e8 il caso che qualcuno spieghi al senatore Parrini che la No Pass, come l&#8217;ha definita, \u00e8 una Senatrice della Repubblica regolarmente eletta che ha lo stesso suo diritto e il dovere (determinato dal voto degli elettori) di essere presente l\u00ec dove si scrivono le leggi della Repubblica&#8221;, affermano i deputati de L&#8217;Alternativa C&#8217;\u00e8.<br \/>(ITALPRESS).<\/div>\n<div id=\"div-gpt-ad-Messinaoggi.it-DSK-300x250-corpoart\" style=\"text-align:center;margin:0 auto;\"><\/div><\/p><div id=\"videoincontent\" style=\"clear:both\";><\/div>","protected":false},"excerpt":{"rendered":"<p>ROMA (ITALPRESS) &#8211; Lavori sospesi alla commissione Affari Costituzionali di Palazzo Madama. La senatrice di Alternativa C&#8217;\u00e8, Bianca Laura Granato, \u00e8 entrata rifiutando di mostrare il proprio green pass e si \u00e8 recata nella sala dove si riunisce la commissione. Il presidente della Commissione Dario Parrini ha quindi sospeso i lavori.Ieri la senatrice aveva annunciato [&hellip;]<\/p>\n","protected":false},"author":18,"featured_media":84173,"comment_status":"closed","ping_status":"closed","sticky":false,"template":"","format":"standard","meta":{"ub_ctt_via":"","_mi_skip_tracking":false},"categories":[446],"tags":[783],"featured_image_src":"https:\/\/www.messinaoggi.it\/website\/wp-content\/uploads\/2021\/10\/20211019_1815.jpg","author_info":{"display_name":"Admin","author_link":"https:\/\/www.messinaoggi.it\/website\/author\/admin\/"},"digistream_id":0,"digistream":false,"_links":{"self":[{"href":"https:\/\/www.messinaoggi.it\/website\/wp-json\/wp\/v2\/posts\/84172"}],"collection":[{"href":"https:\/\/www.messinaoggi.it\/website\/wp-json\/wp\/v2\/posts"}],"about":[{"href":"https:\/\/www.messinaoggi.it\/website\/wp-json\/wp\/v2\/types\/post"}],"author":[{"embeddable":true,"href":"https:\/\/www.messinaoggi.it\/website\/wp-json\/wp\/v2\/users\/18"}],"replies":[{"embeddable":true,"href":"https:\/\/www.messinaoggi.it\/website\/wp-json\/wp\/v2\/comments?post=84172"}],"version-history":[{"count":0,"href":"https:\/\/www.messinaoggi.it\/website\/wp-json\/wp\/v2\/posts\/84172\/revisions"}],"wp:featuredmedia":[{"embeddable":true,"href":"https:\/\/www.messinaoggi.it\/website\/wp-json\/wp\/v2\/media\/84173"}],"wp:attachment":[{"href":"https:\/\/www.messinaoggi.it\/website\/wp-json\/wp\/v2\/media?parent=84172"}],"wp:term":[{"taxonomy":"category","embeddable":true,"href":"https:\/\/www.messinaoggi.it\/website\/wp-json\/wp\/v2\/categories?post=84172"},{"taxonomy":"post_tag","embeddable":true,"href":"https:\/\/www.messinaoggi.it\/website\/wp-json\/wp\/v2\/tags?post=84172"}],"curies":[{"name":"wp","href":"https:\/\/api.w.org\/{rel}","templated":true}]}}