{"id":84149,"date":"2021-10-19T15:17:33","date_gmt":"2021-10-19T13:17:33","guid":{"rendered":"https:\/\/www.messinaoggi.it\/website\/2021\/10\/19\/sbarra-pnrr-occasione-da-non-sprecare-per-la-sicilia-e-il-sud\/"},"modified":"2021-10-19T15:17:33","modified_gmt":"2021-10-19T13:17:33","slug":"sbarra-pnrr-occasione-da-non-sprecare-per-la-sicilia-e-il-sud","status":"publish","type":"post","link":"https:\/\/www.messinaoggi.it\/website\/2021\/10\/19\/sbarra-pnrr-occasione-da-non-sprecare-per-la-sicilia-e-il-sud\/","title":{"rendered":"Sbarra \u201cPnrr occasione da non sprecare per la Sicilia e il Sud\u201d"},"content":{"rendered":"<div>\n<p>PALERMO (ITALPRESS) \u2013 \u201cLa Sicilia \u00e8 il cuore della questione meridionale, con un divario sociale, occupazionale ed infrastrutturale che ferisce lo spirito della Costituzione e frena la crescita del Paese da oltre 20 anni\u201d. Cos\u00ec, a Palermo, il Segretario Generale della Cisl, Luigi Sbarra, nelle sue conclusioni al Consiglio Generale della Cisl Sicilia. <br \/>I lavori li aveva aperti in mattinata il segretario della Cisl Sicilia Sebastiano Cappuccio, rimarcando la necessit\u00e0 di un \u201cpatto governo regionale-sindacati-imprese sui temi delle riforme e dello sviluppo, indispensabile, soprattutto alla luce delle risorse previste dal Pnrr\u201d. <br \/>Per Sbarra \u201cbisogna colmare l\u2019enorme gap di cittadinanza che nega in Sicilia come in altre regioni meridionali i pi\u00f9 elementari diritti ed esclude i pi\u00f9 fragili dal lavoro, dai servizi essenziali, dalle dinamiche di coesione. Dobbiamo fermare la fuga dei cervelli che ogni anno porta via dal Sud decine di migliaia di giovani e donne laureate. Bisogna che il lavoro, la sua qualit\u00e0, stabilit\u00e0, sicurezza, diventi la pi\u00f9 grande priorit\u00e0 da affrontare e risolvere, l\u2019occupazione in queste aree deve essere al centro della ricostruzione e della ripartenza del Sud e dell\u2019intero paese. Il riscatto delle zone deboli \u00e8 uno degli obiettivi del PNRR su cui stiamo aspettando dal Premier l\u2019apertura di un confronto vero sui progetti, investimenti, tempi di attuazione e le ricadute economiche, occupazionali e sociali. Per la Cisl questa \u00e8 la grande sfida che lanciamo al Governo, ai poteri pubblici locali ed al sistema delle imprese\u201d. <br \/>Per questo, all\u2019apertura della sessione di bilancio, il sindacalista chiede anche \u201cal governo di aprire un tavolo di confronto e dialogo. Vogliamo che la legge di stabilit\u00e0 abbia un valore anticiclico che dia finalmente gambe ad un percorso positivo di rilancio degli investimenti pubblici e privati. Vogliamo che la legge di stabilit\u00e0 supporti e sostenga la ripartenza con un forte investimento sulle infrastrutture materiali e immateriali\u201d. Proprio da questo si riparte: \u201cBisogna rispettare il vincolo del 40% di impiego delle risorse al Sud che abbiamo conquistato nel Dl Semplificazioni che  determina una mobilitazione finanziaria poderosa, con 202 miliardi da spendere entro il 2027 (82mld nel Pnrr, 8,4 React EU, 54 Fondi strutturali, 58 Fondo sviluppo e coesione). Anche in passato abbiamo conosciuto  grandi dotazioni finanziarie rivolte al Mezzogiorno e per tanti anni le abbiamo viste dissipare o \u2018distrarr\u00e8 su altri capitoli di spesa e territori del Paese\u201d.<br \/>\u201cEcco perch\u00e8 \u2013 sottolinrea Sbarra \u2013 ribadiamo l\u2019esigenza di un patto sia nazionale sia a livello regionale, tra le istituzioni e le parti sociali sul modello dei grandi accordi di concertazione degli anni novanta. Ciascuno deve fare la propria parte, responsabilmente. Bisogna concordare obiettivi, strumenti e procedure operative straordinari per selezionare e monitorare i progetti, e soprattutto realizzare gli investimenti con trasparenza, efficacia, ricadute sulla crescita economica e su incrementi di occupazione netta sopratutto per i giovani e le donne. Dobbiamo evitare la dispersione delle risorse ed \u00e8 possibile farlo se prevale la responsabilit\u00e0, se facciamo vivere la partecipazione, se mettiamo a fattor comune la qualit\u00e0 della spesa, l\u2019innovazione, facendo vivere e crescere un\u2019autentica cultura della trasparenza e della legalit\u00e0 contro le infiltrazioni della mafia e della malavita negli appalti e nell\u2019utilizzo dei fondi. Non c\u2019\u00e8 un prima ed un dopo. Lavoro, sviluppo e legalit\u00e0 devono camminare insieme. Ci giochiamo tutti la faccia su questo\u201d. <br \/>Infine un appello: \u201cCi sono risorse notevoli per sostenere la crescita e la ripartenza e questo richiede un sussulto di responsabilit\u00e0 soprattutto delle classi dirigenti meridionali\u201d, conclude Sbarra conversando con i giornalisti, la ripartenza deve avere \u201cil profilo della progettuale e affrontare le grandi priorit\u00e0 storiche\u201d.<br \/>(ITALPRESS).<div id=\"div-gpt-ad-Messinaoggi.it-DSK-300x250-corpoart\" style=\"text-align:center;margin:0 auto;\"><\/div><\/p>\n<\/div>\n<div id=\"videoincontent\" style=\"clear:both\";><\/div>","protected":false},"excerpt":{"rendered":"<p>PALERMO (ITALPRESS) \u2013 \u201cLa Sicilia \u00e8 il cuore della questione meridionale, con un divario sociale, occupazionale ed infrastrutturale che ferisce lo spirito della Costituzione e frena la crescita del Paese da oltre 20 anni\u201d. Cos\u00ec, a Palermo, il Segretario Generale della Cisl, Luigi Sbarra, nelle sue conclusioni al Consiglio Generale della Cisl Sicilia. I lavori [&hellip;]<\/p>\n","protected":false},"author":18,"featured_media":84150,"comment_status":"closed","ping_status":"closed","sticky":false,"template":"","format":"standard","meta":{"ub_ctt_via":"","_mi_skip_tracking":false},"categories":[2449],"tags":[783],"featured_image_src":"https:\/\/www.messinaoggi.it\/website\/wp-content\/uploads\/2021\/10\/20211019_1199.jpg","author_info":{"display_name":"Admin","author_link":"https:\/\/www.messinaoggi.it\/website\/author\/admin\/"},"digistream_id":0,"digistream":false,"_links":{"self":[{"href":"https:\/\/www.messinaoggi.it\/website\/wp-json\/wp\/v2\/posts\/84149"}],"collection":[{"href":"https:\/\/www.messinaoggi.it\/website\/wp-json\/wp\/v2\/posts"}],"about":[{"href":"https:\/\/www.messinaoggi.it\/website\/wp-json\/wp\/v2\/types\/post"}],"author":[{"embeddable":true,"href":"https:\/\/www.messinaoggi.it\/website\/wp-json\/wp\/v2\/users\/18"}],"replies":[{"embeddable":true,"href":"https:\/\/www.messinaoggi.it\/website\/wp-json\/wp\/v2\/comments?post=84149"}],"version-history":[{"count":0,"href":"https:\/\/www.messinaoggi.it\/website\/wp-json\/wp\/v2\/posts\/84149\/revisions"}],"wp:featuredmedia":[{"embeddable":true,"href":"https:\/\/www.messinaoggi.it\/website\/wp-json\/wp\/v2\/media\/84150"}],"wp:attachment":[{"href":"https:\/\/www.messinaoggi.it\/website\/wp-json\/wp\/v2\/media?parent=84149"}],"wp:term":[{"taxonomy":"category","embeddable":true,"href":"https:\/\/www.messinaoggi.it\/website\/wp-json\/wp\/v2\/categories?post=84149"},{"taxonomy":"post_tag","embeddable":true,"href":"https:\/\/www.messinaoggi.it\/website\/wp-json\/wp\/v2\/tags?post=84149"}],"curies":[{"name":"wp","href":"https:\/\/api.w.org\/{rel}","templated":true}]}}