{"id":84147,"date":"2021-10-19T15:07:38","date_gmt":"2021-10-19T13:07:38","guid":{"rendered":"https:\/\/www.messinaoggi.it\/website\/2021\/10\/19\/un-cartoon-per-conoscere-la-dermatite-atopica-e-combattere-lo-stigma\/"},"modified":"2021-10-19T15:07:38","modified_gmt":"2021-10-19T13:07:38","slug":"un-cartoon-per-conoscere-la-dermatite-atopica-e-combattere-lo-stigma","status":"publish","type":"post","link":"https:\/\/www.messinaoggi.it\/website\/2021\/10\/19\/un-cartoon-per-conoscere-la-dermatite-atopica-e-combattere-lo-stigma\/","title":{"rendered":"Un cartoon per conoscere la dermatite atopica e combattere lo stigma"},"content":{"rendered":"<div>MILANO (ITALPRESS) &#8211; Bullismo e discriminazioni. Chi soffre di dermatite atopica non solo deve fare i conti con segni e sintomi della malattia, ma deve lottare ogni giorno con le sue conseguenze sociali: 4 adolescenti su 10 dichiarano di essere vittime di bullismo, mentre 3 adulti su 10 di subire discriminazioni sul luogo di lavoro, come dimostra un recente studio italiano pubblicato su Journal of Asthma and Allergy.  <br \/>In occasione della Giornata Nazionale della Dermatite Atopica, istituita da ANDeA, Associazione Nazionale Dermatite Atopica nel 2017 per approfondire ancora di pi\u00f9 gli aspetti clinici e sociali di questa patologia, promuovere l&#8217;inclusione e lottare contro lo stigma che circonda chi ne \u00e8 affetto, Sanofi presenta &#8220;Dado e Adele. Due amici per la pelle&#8221;, una serie animata per raccontare l&#8217;impatto della malattia nella vita di tutti i giorni dei due protagonisti, seguiti nel loro percorso dall&#8217;adolescenza all&#8217;et\u00e0 adulta, e per informare sui corretti stili di vita. L&#8217;iniziativa vuole essere di supporto per gestire la quotidianit\u00e0 e migliorare cos\u00ec la qualit\u00e0 di vita. E&#8217; la prima serie animata dedicata alla dermatite atopica, una delle malattie della pelle pi\u00f9 diffuse al mondo, con un forte impatto negativo sulla qualit\u00e0 di vita e sulla salute psicologica, perch\u00e8 aumenta il rischio di ansia e depressione, limitando socialit\u00e0 e scelte di vita.<br \/>Una misura del forte impatto sulla qualit\u00e0 di vita di questa malattia \u00e8 fornita sempre dallo studio: oltre il 50% delle persone dichiara che la propria qualit\u00e0 di vita \u00e8 influenzata negativamente dalla malattia e quasi il 70% considera la dermatite atopica un limite alla propria quotidianit\u00e0. Un peso che si trasforma in un costo per la societ\u00e0, sotto forma di assenteismo ovvero giornate di lavoro o studio perse &#8211; 17,1 giorni in media all&#8217;anno per gli studenti, 10,9 in media per i lavoratori &#8211; o di presenteismo (recarsi a scuola o al lavoro anche se debilitati e stanchi) &#8211; 19,5 giorni in media all&#8217;anno per gli studenti, 13,1 in media per i lavoratori.<br \/>Da non trascurare, come dimostrano i dati, l&#8217;impatto sulla psiche oltre che sul corpo dei pazienti. La deprivazione del sonno, in particolare, pone i pazienti a maggior rischio di incidenti di varia natura o infortuni lavorativi. &#8220;Si pu\u00f2 osservare che, soprattutto a causa del prurito persistente, del dolore acuto, della difficolt\u00e0 a dormire, della presenza di lesione cutanee e diminuzione della capacit\u00e0 di barriera naturale della pelle, oltre agli evidenti problemi derivanti dalla deformazione del proprio aspetto, ogni attivit\u00e0 quotidiana, lavorativa, familiare o ricreativa, pu\u00f2 venire fortemente compromessa&#8221;, spiega Lucia Cattani, Portavoce ANDeA. &#8220;E&#8217; quindi importante che si parli di questo problema, per ottenere una maggiore tutela sociale, attualmente assai carente, e, pi\u00f9 in generale, per abbattere le barriere che possono portare alla depressione e all&#8217;isolamento&#8221;, aggiunge.<br \/>La dermatite atopica \u00e8 una tra le condizioni dermatologiche pi\u00f9 diffuse e problematiche nei Paesi industrializzati: colpisce il 5-20% dei bambini e il 5-8% degli adulti. Nel 40-60% dei casi tende a scomparire durante l&#8217;adolescenza, ma si possono anche avere recidive oppure una prima comparsa della malattia in et\u00e0 adulta. In Italia ci sono almeno 35 mila pazienti, di cui circa 8 mila pazienti affetti dalla forma grave della malattia. <br \/>&#8220;La forma da moderata a grave \u00e8 caratterizzata da un prurito intenso, persistente e da lesioni cutanee che possono coprire gran parte del corpo, con conseguente secchezza della pelle, screpolature, arrossamenti, desquamazione ed essudazione. Il prurito rappresenta uno dei sintomi pi\u00f9 pesanti per i pazienti. Ma quello che in pochi sanno \u00e8 che la dermatite atopica \u00e8 una patologia sistemica che, se non adeguatamente trattata, pu\u00f2 avere nel lungo periodo serie implicazioni a carico, ad esempio, dell&#8217;apparato cardio vascolare. Anche per questo \u00e8 importante tenerla sotto controllo con le terapie pi\u00f9 idonee&#8221;, spiega Anna Belloni Fortina, Responsabile Servizio di Dermatologia Pediatrica, Universit\u00e0 di Padova. <br \/>I sintomi e la gravit\u00e0 della malattia cambiano a seconda dell&#8217;et\u00e0. Nei primi anni di vita sono colpite soprattutto le zone delle guance e del mento, la piega del collo, le braccia e le gambe. Dopo il primo anno di et\u00e0 la dermatite atopica interessa maggiormente il volto, le mani, le pieghe dei gomiti e delle ginocchia. <br \/>&#8220;Alla base della corretta gestione della dermatite atopica c&#8217;\u00e8 l&#8217;igiene, l&#8217;idratazione della cute con creme emollienti e l&#8217;utilizzo di farmaci locali per lenire l&#8217;infiammazione o sistemici per alleviare il prurito. Ma questo \u00e8 particolarmente difficile quando parliamo di bambini o ancor di pi\u00f9 adolescenti, in una fase della loro vita in cui faticano a seguire le indicazioni dell&#8217;adulto, non solo per reazione e volont\u00e0 di essere indipendenti ma anche perch\u00e8 in molti casi si sentono invincibili e faticano ad ammettere di avere una patologia e aver bisogno di aiuto&#8221;, afferma Gian Luigi Marseglia, Direttore Clinica pediatrica dell&#8217;Universit\u00e0 di Pavia, Policlinico San Matteo. <br \/>L&#8217;iniziativa di Sanofi si inserisce in un percorso, iniziato da diversi anni, volto a migliorare la conoscenza della dermatite atopica a pi\u00f9 livelli e a fornire a pazienti, familiari e opinione pubblica gli strumenti per informarsi e comunicare al meglio la patologia e le possibilit\u00e0 per una corretta gestione. Come tutte le azioni di sensibilizzazione e informazione intraprese negli anni dall&#8217;azienda, anche &#8220;Dado e Adele. Due amici per la pelle&#8221; nasce dall&#8217;ascolto e dal confronto costante con la comunit\u00e0 di pazienti.<br \/>Gli episodi di &#8220;Dado&amp;Adele: Due amici per la pelle&#8221; sono disponibili sul sito Dermatopia.it.<br \/>(ITALPRESS).<\/div>\n<div id=\"div-gpt-ad-Messinaoggi.it-DSK-300x250-corpoart\" style=\"text-align:center;margin:0 auto;\"><\/div><\/p><div id=\"videoincontent\" style=\"clear:both\";><\/div>","protected":false},"excerpt":{"rendered":"<p>MILANO (ITALPRESS) &#8211; Bullismo e discriminazioni. Chi soffre di dermatite atopica non solo deve fare i conti con segni e sintomi della malattia, ma deve lottare ogni giorno con le sue conseguenze sociali: 4 adolescenti su 10 dichiarano di essere vittime di bullismo, mentre 3 adulti su 10 di subire discriminazioni sul luogo di lavoro, [&hellip;]<\/p>\n","protected":false},"author":18,"featured_media":84148,"comment_status":"closed","ping_status":"closed","sticky":false,"template":"","format":"standard","meta":{"ub_ctt_via":"","_mi_skip_tracking":false},"categories":[446],"tags":[783],"featured_image_src":"https:\/\/www.messinaoggi.it\/website\/wp-content\/uploads\/2021\/10\/20211019_1069.jpg","author_info":{"display_name":"Admin","author_link":"https:\/\/www.messinaoggi.it\/website\/author\/admin\/"},"digistream_id":0,"digistream":false,"_links":{"self":[{"href":"https:\/\/www.messinaoggi.it\/website\/wp-json\/wp\/v2\/posts\/84147"}],"collection":[{"href":"https:\/\/www.messinaoggi.it\/website\/wp-json\/wp\/v2\/posts"}],"about":[{"href":"https:\/\/www.messinaoggi.it\/website\/wp-json\/wp\/v2\/types\/post"}],"author":[{"embeddable":true,"href":"https:\/\/www.messinaoggi.it\/website\/wp-json\/wp\/v2\/users\/18"}],"replies":[{"embeddable":true,"href":"https:\/\/www.messinaoggi.it\/website\/wp-json\/wp\/v2\/comments?post=84147"}],"version-history":[{"count":0,"href":"https:\/\/www.messinaoggi.it\/website\/wp-json\/wp\/v2\/posts\/84147\/revisions"}],"wp:featuredmedia":[{"embeddable":true,"href":"https:\/\/www.messinaoggi.it\/website\/wp-json\/wp\/v2\/media\/84148"}],"wp:attachment":[{"href":"https:\/\/www.messinaoggi.it\/website\/wp-json\/wp\/v2\/media?parent=84147"}],"wp:term":[{"taxonomy":"category","embeddable":true,"href":"https:\/\/www.messinaoggi.it\/website\/wp-json\/wp\/v2\/categories?post=84147"},{"taxonomy":"post_tag","embeddable":true,"href":"https:\/\/www.messinaoggi.it\/website\/wp-json\/wp\/v2\/tags?post=84147"}],"curies":[{"name":"wp","href":"https:\/\/api.w.org\/{rel}","templated":true}]}}