{"id":84108,"date":"2021-10-19T10:07:31","date_gmt":"2021-10-19T08:07:31","guid":{"rendered":"https:\/\/www.messinaoggi.it\/website\/2021\/10\/19\/polonia-von-der-leyen-non-tollereremo-rischi-per-valori-comuni-ue\/"},"modified":"2021-10-19T10:07:31","modified_gmt":"2021-10-19T08:07:31","slug":"polonia-von-der-leyen-non-tollereremo-rischi-per-valori-comuni-ue","status":"publish","type":"post","link":"https:\/\/www.messinaoggi.it\/website\/2021\/10\/19\/polonia-von-der-leyen-non-tollereremo-rischi-per-valori-comuni-ue\/","title":{"rendered":"Polonia, Von der Leyen \u201cNon tollereremo rischi per valori comuni Ue\u201d"},"content":{"rendered":"<div>STRASBURGO (FRANCIA) (ITALPRESS) &#8211; &#8220;Per la prima volta in assoluto un tribunale di uno Stato membro rileva l&#8217;incompatibilit\u00e0 dei Trattati europei con la Costituzione nazionale. E questo ha gravi conseguenze per il popolo polacco perch\u00e8 la decisione ha un impatto diretto sulla protezione e l&#8217;indipendenza della magistratura&#8221;. Lo ha detto la presidente della Commissione europea, Ursula Von der Leyen, nel suo intervento al Parlamento europeo, riunito in plenaria a Strasburgo, sullo Stato di diritto in Polonia.<br \/>La Commissione europea &#8220;sta analizzando la sentenza della Corte suprema polacca, ma posso gi\u00e0 dirvi che sono fortemente preoccupata perch\u00e8 essa mette in discussione la base dell&#8217;Ue &#8211; ha aggiunto Von der Leyen -. Stiamo valutando tra le varie opzioni un ricorso alla Corte di Giustizia. Non possiamo tollerare e non tollereremo che valori comuni come quelli sullo stato di diritto vengano messi a rischio&#8221;.<br \/>&#8220;Il popolo polacco ha avuto un ruolo fondamentale per la tenuta della nostra Unione, e cos\u00ec sar\u00e0 sempre &#8211; ha concluso Von der Leyen -. La Polonia \u00e8 parte dell&#8217;Europea e sempre sar\u00e0 cuore dell&#8217;Europa. Viva la Polonia, viva l&#8217;Europa&#8221;.<br \/>(ITALPRESS).<\/div>\n<div id=\"div-gpt-ad-Messinaoggi.it-DSK-300x250-corpoart\" style=\"text-align:center;margin:0 auto;\"><\/div><\/p><div id=\"videoincontent\" style=\"clear:both\";><\/div>","protected":false},"excerpt":{"rendered":"<p>STRASBURGO (FRANCIA) (ITALPRESS) &#8211; &#8220;Per la prima volta in assoluto un tribunale di uno Stato membro rileva l&#8217;incompatibilit\u00e0 dei Trattati europei con la Costituzione nazionale. E questo ha gravi conseguenze per il popolo polacco perch\u00e8 la decisione ha un impatto diretto sulla protezione e l&#8217;indipendenza della magistratura&#8221;. Lo ha detto la presidente della Commissione europea, [&hellip;]<\/p>\n","protected":false},"author":18,"featured_media":84109,"comment_status":"closed","ping_status":"closed","sticky":false,"template":"","format":"standard","meta":{"ub_ctt_via":"","_mi_skip_tracking":false},"categories":[446],"tags":[783],"featured_image_src":"https:\/\/www.messinaoggi.it\/website\/wp-content\/uploads\/2021\/10\/20211019_0183.jpg","author_info":{"display_name":"Admin","author_link":"https:\/\/www.messinaoggi.it\/website\/author\/admin\/"},"digistream_id":0,"digistream":false,"_links":{"self":[{"href":"https:\/\/www.messinaoggi.it\/website\/wp-json\/wp\/v2\/posts\/84108"}],"collection":[{"href":"https:\/\/www.messinaoggi.it\/website\/wp-json\/wp\/v2\/posts"}],"about":[{"href":"https:\/\/www.messinaoggi.it\/website\/wp-json\/wp\/v2\/types\/post"}],"author":[{"embeddable":true,"href":"https:\/\/www.messinaoggi.it\/website\/wp-json\/wp\/v2\/users\/18"}],"replies":[{"embeddable":true,"href":"https:\/\/www.messinaoggi.it\/website\/wp-json\/wp\/v2\/comments?post=84108"}],"version-history":[{"count":0,"href":"https:\/\/www.messinaoggi.it\/website\/wp-json\/wp\/v2\/posts\/84108\/revisions"}],"wp:featuredmedia":[{"embeddable":true,"href":"https:\/\/www.messinaoggi.it\/website\/wp-json\/wp\/v2\/media\/84109"}],"wp:attachment":[{"href":"https:\/\/www.messinaoggi.it\/website\/wp-json\/wp\/v2\/media?parent=84108"}],"wp:term":[{"taxonomy":"category","embeddable":true,"href":"https:\/\/www.messinaoggi.it\/website\/wp-json\/wp\/v2\/categories?post=84108"},{"taxonomy":"post_tag","embeddable":true,"href":"https:\/\/www.messinaoggi.it\/website\/wp-json\/wp\/v2\/tags?post=84108"}],"curies":[{"name":"wp","href":"https:\/\/api.w.org\/{rel}","templated":true}]}}