{"id":84100,"date":"2021-10-19T09:57:52","date_gmt":"2021-10-19T07:57:52","guid":{"rendered":"http:\/\/www.messinaoggi.it\/website\/?p=84100"},"modified":"2021-10-19T10:19:29","modified_gmt":"2021-10-19T08:19:29","slug":"cateno-de-luca-spunta-una-telefonata-con-roberto-fiore","status":"publish","type":"post","link":"https:\/\/www.messinaoggi.it\/website\/2021\/10\/19\/cateno-de-luca-spunta-una-telefonata-con-roberto-fiore\/","title":{"rendered":"Cateno De Luca, spunta una telefonata con Roberto Fiore"},"content":{"rendered":"\n<p>Due dirette Fb per non chiarire nulla. Anzi per confermare che i contatti con <strong>Roberto Fiore<\/strong> ci sono stati anche alle <strong>amministrative 2018<\/strong>. C<strong>ateno De Luca <\/strong>manifesta un po\u2019 di irritazione rispetto ad una vicenda che gli sta creando tanto imbarazzo.<div id=\"div-gpt-ad-Messinaoggi.it-DSK-300x250-corpoart\" style=\"text-align:center;margin:0 auto;\"><\/div><\/p>\n\n\n\n<p>Domenica pomeriggio, dopo la pubblicazione di un nostro articolo, il sindaco nel corso di una diretta sulla sua pagina Social aveva detto di non avere pi\u00f9 sentito <strong>Roberto Fiore<\/strong>, il leader di <strong>Forza Nuova, agli arresti domiciliari per l\u2019assalto alla sede della Cgil<\/strong>, dalla campagna elettorale del 2102. Come si ricorder\u00e0 <strong>Cateno De Luca<\/strong> correva per la carica di governatore di Sicilia e si avvalse dell\u2019appoggio di <strong>Forza Nuova<\/strong>.<div id=\"videoincontent\" style=\"clear:both\";><\/div><\/p>\n\n\n\n<p>Ma evidentemente, il <strong>sindaco di Messina<\/strong> gode di scarsa memoria se \u00e8 vero che ieri mattina ha ammesso \u2013 con il beneficio del dubbio \u2013 di avere avuto un contatto telefonico proprio con <strong>Roberto Fiore in occasione delle amministrative del 2018<\/strong>. Negoziava la candidatura dell\u2019attore messinese <strong>Lorenzo Crespi<\/strong>, appena nominato <strong>segretario cittadino di Forza Nuova<\/strong>. La candidatura poi salt\u00f2 perch\u00e9 l\u2019attore caduto in bassa fortuna si ritir\u00f2 dalla competizione elettorale per sopraggiunti motivi personali. Ma i frequentatori della segretaria politica di <strong>Cateno De Luca<\/strong>, oggi \u201c<em>pentiti<\/em>\u201d, sussurrano che le motivazioni furono ben altre. Su questo argomento il sindaco di Messina \u00e8 invitato a chiarire perch\u00e9 non \u00e8 chiara la vicenda. E\u2019 stato <strong>Crespi <\/strong>a ritirarsi volontariamente o \u00e8 stato indotto?<\/p>\n\n\n\n<p>Chi sosteneva all\u2019epoca dei fatti <strong>De Luca<\/strong> narra di una sommossa all\u2019interno di <strong>Sicilia Vera<\/strong>, alla notizia della candidatura di Lorenzo Crespi. I suoi trascorsi burrascosi e la sua \u201c<em>nuova<\/em>\u201d popolarit\u00e0 scatenata da uno stato di indigenza del quale si sono occupate le cronache nazionali, avevano mandato in bestia i candidati delle liste di <strong>Sicilia Vera<\/strong>. \u201c<em>Poi accadde qualcosa<\/em>\u201d, riferiscono. Cosa? Chiediamo al sindaco.<\/p>\n\n\n\n<p>La telefonata con <strong>Fiore<\/strong>. <strong>De Luca<\/strong> non ricorda, ma non esclude che ci sia stata una chiamata con il <strong>leader di Forza Nuova<\/strong>, anche perch\u00e9 era l\u2019interlocutore privilegiato di <strong>Crespi<\/strong>, in quanto suo \u201c<em>capo<\/em>\u201d partito. Sempre i frequentatori della segreteria dicono che la telefonata c\u2019\u00e8 stata. Fatto sta che <strong>De Luca <\/strong>smentisce anche se stesso se \u00e8 vero che nella diretta Social di domenica diceva di non avere mai pi\u00f9 sentito <strong>Fiore<\/strong> dal 2012 mentre ieri, sempre a mezzo Fb, parla di una possibile telefonata nel 2018.<\/p>\n\n\n\n<p>Di sicuro c\u2019\u00e8 che <strong>De Luca <\/strong>ad oggi non ha preso in maniera energica le distanze da Forza Nuova, non dall\u2019assalto alla segreteria della Cgil, e che la vicenda tirata fuori dal nostri giornale lo sta imbarazzando.<\/p>\n\n\n\n<p>Lo dimostra il fatto che per difendersi contrattacca tirando fuori vicende che nulla hanno a che vedere con i suoi collegamenti politici con <strong>Fiore<\/strong> e quindi con <strong>Forza Nuova<\/strong>. Attaccare il giornalista che esercita il suo ruolo, ed altre persone estranee ai fatti, \u00e8 la prova provata che <strong>De Luca<\/strong> su questo argomento \u00e8 in seria difficolt\u00e0. Ma di questo ne risponder\u00e0 sul piano giudiziario.<\/p>\n\n\n\n<p>Infine, lo abbiamo invitato ad una intervista pubblica, ma il sindaco di Messina evidentemente non \u00e8 abituato a rispondere alle domande scomode, tenuto conto che all&#8217;invito non ha ancora risposto. Siamo comunque fiduciosi perch\u00e9 siamo certi non abbia nulla da nascondere. <strong>Anche se a pensare male si fa peccato, ma spesso ci si azzecca, diceva Giulio Andreotti&#8230;.<\/strong><\/p>\n\n\n\n<p class=\"has-text-align-right\"><strong>Davide Gambale<\/strong><\/p>\n","protected":false},"excerpt":{"rendered":"<p>Due dirette Fb per non chiarire nulla. Anzi per confermare che i contatti con Roberto Fiore ci sono stati anche alle amministrative 2018. Cateno De Luca manifesta un po\u2019 di irritazione rispetto ad una vicenda che gli sta creando tanto imbarazzo. Domenica pomeriggio, dopo la pubblicazione di un nostro articolo, il sindaco nel corso di [&hellip;]<\/p>\n","protected":false},"author":2,"featured_media":48375,"comment_status":"open","ping_status":"open","sticky":false,"template":"","format":"standard","meta":{"ub_ctt_via":"","_mi_skip_tracking":false},"categories":[19],"tags":[3277,126,3267,3124],"featured_image_src":"https:\/\/www.messinaoggi.it\/website\/wp-content\/uploads\/2020\/10\/B64E78EF-5D27-4A1E-B499-E075E3F2AEEA.jpeg","author_info":{"display_name":"Redazione","author_link":"https:\/\/www.messinaoggi.it\/website\/author\/redazione\/"},"digistream_id":0,"digistream":false,"_links":{"self":[{"href":"https:\/\/www.messinaoggi.it\/website\/wp-json\/wp\/v2\/posts\/84100"}],"collection":[{"href":"https:\/\/www.messinaoggi.it\/website\/wp-json\/wp\/v2\/posts"}],"about":[{"href":"https:\/\/www.messinaoggi.it\/website\/wp-json\/wp\/v2\/types\/post"}],"author":[{"embeddable":true,"href":"https:\/\/www.messinaoggi.it\/website\/wp-json\/wp\/v2\/users\/2"}],"replies":[{"embeddable":true,"href":"https:\/\/www.messinaoggi.it\/website\/wp-json\/wp\/v2\/comments?post=84100"}],"version-history":[{"count":3,"href":"https:\/\/www.messinaoggi.it\/website\/wp-json\/wp\/v2\/posts\/84100\/revisions"}],"predecessor-version":[{"id":84110,"href":"https:\/\/www.messinaoggi.it\/website\/wp-json\/wp\/v2\/posts\/84100\/revisions\/84110"}],"wp:featuredmedia":[{"embeddable":true,"href":"https:\/\/www.messinaoggi.it\/website\/wp-json\/wp\/v2\/media\/48375"}],"wp:attachment":[{"href":"https:\/\/www.messinaoggi.it\/website\/wp-json\/wp\/v2\/media?parent=84100"}],"wp:term":[{"taxonomy":"category","embeddable":true,"href":"https:\/\/www.messinaoggi.it\/website\/wp-json\/wp\/v2\/categories?post=84100"},{"taxonomy":"post_tag","embeddable":true,"href":"https:\/\/www.messinaoggi.it\/website\/wp-json\/wp\/v2\/tags?post=84100"}],"curies":[{"name":"wp","href":"https:\/\/api.w.org\/{rel}","templated":true}]}}