{"id":84098,"date":"2021-10-19T09:07:32","date_gmt":"2021-10-19T07:07:32","guid":{"rendered":"https:\/\/www.messinaoggi.it\/website\/2021\/10\/19\/orlando-il-pd-e-uscito-dalla-ztl-premiata-la-linea-inclusiva\/"},"modified":"2021-10-19T09:58:14","modified_gmt":"2021-10-19T07:58:14","slug":"orlando-il-pd-e-uscito-dalla-ztl-premiata-la-linea-inclusiva","status":"publish","type":"post","link":"https:\/\/www.messinaoggi.it\/website\/2021\/10\/19\/orlando-il-pd-e-uscito-dalla-ztl-premiata-la-linea-inclusiva\/","title":{"rendered":"Orlando \u201cIl Pd \u00e8 uscito dalla Ztl, premiata la linea inclusiva\u201d"},"content":{"rendered":"<div>ROMA (ITALPRESS) &#8211; &#8220;Avevamo sensazioni buone, ma sicuramente non avremmo scommesso su una vittoria cos\u00ec significativa. Il 60 a 40 di Roma non \u00e8 isolato, c&#8217;\u00e8 una tendenza di carattere generale che premia il centrosinistra da Varese a Cosenza&#8221;. Lo afferma in un&#8217;intervista al quotidiano La Repubblica il ministro del Lavoro Andrea Orlando, in merito alle Amministrative.<br \/>Per Orlando &#8220;\u00e8 stata premiata la linea inclusiva, di alleanze larghe, promossa dal Pd. Ci \u00e8 stato riconosciuto sia dove ha portato all&#8217;accordo con i Cinque stelle, come a Bologna, sia dove non siamo riusciti a farlo ma abbiamo comunque dato l&#8217;idea di lavorare per l&#8217;unit\u00e0&#8221;, aggiunge, spiegando che a suo avviso l&#8217;errore principale della destra \u00e8 stato &#8220;aver tenuto un atteggiamento ambiguo sulla questione del contrasto al virus. La larga maggioranza degli italiani, anche gli elettori del centrodestra, non ha apprezzato l&#8217;inseguimento delle frange No Vax e l&#8217;aver cavalcato l&#8217;insofferenza per le regole utili a contrastare la pandemia. Chi ha sostenuto il governo in maniera pi\u00f9 leale \u00e8 stato premiato, chi ha tenuto un piede dentro e uno fuori \u00e8 stato punito. E questo risultato dovrebbe rafforzare il governo Draghi&#8221;.<br \/>&#8220;Noi abbiamo messo la testa fuori dalle Ztl, per loro c&#8217;\u00e8 stato un crollo del consenso in quelle realt\u00e0 pi\u00f9 popolari. Non c&#8217;\u00e8 stato ancora un trasferimento di quel voto che un tempo andava a sinistra &#8211; sottolinea Orlando -. C&#8217;\u00e8 tuttavia un&#8217;inversione di tendenza dopo decenni in cui quegli elettori guardavano pi\u00f9 a destra o ai cinque stelle&#8221;.<br \/>(ITALPRESS).<\/div>\n<div id=\"div-gpt-ad-Messinaoggi.it-DSK-300x250-corpoart\" style=\"text-align:center;margin:0 auto;\"><\/div><\/p><div id=\"videoincontent\" style=\"clear:both\";><\/div>","protected":false},"excerpt":{"rendered":"<p>ROMA (ITALPRESS) &#8211; &#8220;Avevamo sensazioni buone, ma sicuramente non avremmo scommesso su una vittoria cos\u00ec significativa. Il 60 a 40 di Roma non \u00e8 isolato, c&#8217;\u00e8 una tendenza di carattere generale che premia il centrosinistra da Varese a Cosenza&#8221;. Lo afferma in un&#8217;intervista al quotidiano La Repubblica il ministro del Lavoro Andrea Orlando, in merito [&hellip;]<\/p>\n","protected":false},"author":18,"featured_media":84099,"comment_status":"closed","ping_status":"closed","sticky":false,"template":"","format":"standard","meta":{"ub_ctt_via":"","_mi_skip_tracking":false},"categories":[446,4],"tags":[783],"featured_image_src":"https:\/\/www.messinaoggi.it\/website\/wp-content\/uploads\/2021\/10\/20211019_0123.jpg","author_info":{"display_name":"Admin","author_link":"https:\/\/www.messinaoggi.it\/website\/author\/admin\/"},"digistream_id":0,"digistream":false,"_links":{"self":[{"href":"https:\/\/www.messinaoggi.it\/website\/wp-json\/wp\/v2\/posts\/84098"}],"collection":[{"href":"https:\/\/www.messinaoggi.it\/website\/wp-json\/wp\/v2\/posts"}],"about":[{"href":"https:\/\/www.messinaoggi.it\/website\/wp-json\/wp\/v2\/types\/post"}],"author":[{"embeddable":true,"href":"https:\/\/www.messinaoggi.it\/website\/wp-json\/wp\/v2\/users\/18"}],"replies":[{"embeddable":true,"href":"https:\/\/www.messinaoggi.it\/website\/wp-json\/wp\/v2\/comments?post=84098"}],"version-history":[{"count":1,"href":"https:\/\/www.messinaoggi.it\/website\/wp-json\/wp\/v2\/posts\/84098\/revisions"}],"predecessor-version":[{"id":84102,"href":"https:\/\/www.messinaoggi.it\/website\/wp-json\/wp\/v2\/posts\/84098\/revisions\/84102"}],"wp:featuredmedia":[{"embeddable":true,"href":"https:\/\/www.messinaoggi.it\/website\/wp-json\/wp\/v2\/media\/84099"}],"wp:attachment":[{"href":"https:\/\/www.messinaoggi.it\/website\/wp-json\/wp\/v2\/media?parent=84098"}],"wp:term":[{"taxonomy":"category","embeddable":true,"href":"https:\/\/www.messinaoggi.it\/website\/wp-json\/wp\/v2\/categories?post=84098"},{"taxonomy":"post_tag","embeddable":true,"href":"https:\/\/www.messinaoggi.it\/website\/wp-json\/wp\/v2\/tags?post=84098"}],"curies":[{"name":"wp","href":"https:\/\/api.w.org\/{rel}","templated":true}]}}