{"id":84091,"date":"2021-10-18T22:07:38","date_gmt":"2021-10-18T20:07:38","guid":{"rendered":"https:\/\/www.messinaoggi.it\/website\/2021\/10\/18\/al-vinitaly-qualita-e-tutela-sono-le-parole-dordine\/"},"modified":"2021-10-18T22:07:38","modified_gmt":"2021-10-18T20:07:38","slug":"al-vinitaly-qualita-e-tutela-sono-le-parole-dordine","status":"publish","type":"post","link":"https:\/\/www.messinaoggi.it\/website\/2021\/10\/18\/al-vinitaly-qualita-e-tutela-sono-le-parole-dordine\/","title":{"rendered":"Al Vinitaly qualit\u00e0 e tutela sono le parole d\u2019ordine"},"content":{"rendered":"<div>VERONA (ITALPRESS) &#8211; Seconda giornata di Vinitaly nella sua Special Edition, con un occhio ai mercati internazionali ma anche a quello interno, oggi sorprendente. In questo settore si assiste a una rivoluzione rosa: le donne sono produttrici e manager nel settore vinicolo, ma soprattutto nel 2021 le wine lovers hanno superato gli uomini passando, secondo l&#8217;Unione Italiana Vini, dal 49% al 55%. La donna con consapevolezza partecipa alle degustazioni, compra il vino, ma beve con moderazione. Particolare che dovrebbe spingere il governo a ricordare all&#8217;Europa, ma anche all&#8217;OMS, che questo stile di consumo italiano moderato \u00e8 corretto, insomma, un invito all&#8217;educazione del bere. Tra i vini pi\u00f9 apprezzati c&#8217;\u00e8 l&#8217;Amarone della Valpolicella, vino di grande struttura, ma fresco, apprezzato negli stand anche dal Presidente del Veneto Luca Zaia, al Vinitaly in questa seconda giornata per dovere istituzionale, ma anche in qualit\u00e0 di esperto ed estimatore.   <br \/>&#8220;L&#8217;amarone &#8211; ha ricordato Zaia &#8211; \u00e8 uno dei vini che puntualmente arriva tra i primi 5-6 rossi al mondo. Un grazie ai produttori dell&#8217;Amarone&#8221;.   <br \/>Qualit\u00e0 \u00e8 la parola d&#8217;ordine che aleggia da uno stand all&#8217;altro, da un convegno all&#8217;altro. Tutela \u00e8 l&#8217;altra. E allora \u00e8 impossibile non fermarsi in quella che \u00e8 stata definita la stanza degli orrori. Sono vini tarocchi scovati da Coldiretti in diversi continenti, che portano un nome somigliante ai blasonati vini italiani, ma sono solo delle furbe imitazioni. L&#8217;esempio di come la mancata tutela della denominazione possa creare danni in ogni direzione. E il &#8220;prosek&#8221; croato, con questo italian sounding, \u00e8 l&#8217;ultima crociata lanciata a livello europeo.<br \/>Vinitaly Special edition ha registrato anche oggi un grande afflusso di visitatori. Solo addetti ai lavori, in questa edizione che fa da traino a quella di aprile &#8211; gi\u00e0 sold-out &#8211; per dare la possibilit\u00e0 ai produttori di incontrare buyers internazionali, ma aprirsi anche al nostro mercato, tutto da rivalutare. <br \/>L&#8217;entusiasmo tra i produttori \u00e8 palpabile. C&#8217;\u00e8 chi la rinascita l&#8217;ha gi\u00e0 toccata con un fatturato che supera quello del 2019, chi \u00e8 felice di poter comunicare la novit\u00e0 dopo due anni di &#8220;silenzio&#8221;.<br \/>Ciononostante il mercato del vino italiano \u00e8 ripartito, con l&#8217;export che ha superato in molti mercati i valori del 2019 e che, in base ai dati elaborati dall&#8217;Osservatorio Vinitaly-Nomisma Wine Monitor sui primi otto mesi del 2021, registrano una crescita in cinque dei principali mercati di destinazione (Cina +49,2%, Regno Unito +4,3%, Canada +13%, Giappone +1,5%, Russia +13%).<br \/>Come affrontare invece la concorrenza? Tre consigli ai produttori arrivano da Mario Bruni, responsabile delle rete domestica di SACE che si occupa di finanziamenti alle aziende, anche nell&#8217;export. <br \/>&#8220;Il primo \u00e8 quello di affidarsi all&#8217;innovazione, che \u00e8 fondamentale. Come si \u00e8 visto anche durante la pandemia, ci sono un&#8217;infinit\u00e0 di nuovi canali per la vendita. Il secondo &#8211; ha aggiunto Bruni &#8211; \u00e8 l&#8217;integrazione della filiera: dobbiamo essere pi\u00f9 forti perch\u00e8 la competizione non \u00e8 in Italia, non \u00e8 nemmeno in Europa, ma nel mondo. I nostri prodotti devono confrontarsi con prodotti di altri produttori in giro per il mondo che producono anche altri spirits. Il terzo \u00e8 l&#8217;export e qui entra in scena Sace, nel sostenere le aziende nel loro percorso di internazionalizzazione&#8221;.  <br \/>Negli spazi di Veronafiere, con buyers selezionati provenienti dall&#8217;Italia e dall&#8217;estero, sta andando in scena anche un&#8217;edizione &#8216;smart&#8217; di Sol&amp;Agrifood Rassegna dell&#8217;Agroalimentare di Qualit\u00e0. Il salone \u00e8 in calendario a Verona dal 10 al 13 aprile 2022. E questa scelta ribadisce che il nostro Paese coralmente deve continuare a crescere sulle ali delle sue ricchezze: vino, olio e prelibatezze di ogni genere, assieme al turismo, non a caso sempre pi\u00f9 un&#8217;esperienza per gli occhi e per il palato. <br \/>(ITALPRESS).<\/div>\n<div id=\"div-gpt-ad-Messinaoggi.it-DSK-300x250-corpoart\" style=\"text-align:center;margin:0 auto;\"><\/div><\/p><div id=\"videoincontent\" style=\"clear:both\";><\/div>","protected":false},"excerpt":{"rendered":"<p>VERONA (ITALPRESS) &#8211; Seconda giornata di Vinitaly nella sua Special Edition, con un occhio ai mercati internazionali ma anche a quello interno, oggi sorprendente. In questo settore si assiste a una rivoluzione rosa: le donne sono produttrici e manager nel settore vinicolo, ma soprattutto nel 2021 le wine lovers hanno superato gli uomini passando, secondo [&hellip;]<\/p>\n","protected":false},"author":18,"featured_media":84092,"comment_status":"closed","ping_status":"closed","sticky":false,"template":"","format":"standard","meta":{"ub_ctt_via":"","_mi_skip_tracking":false},"categories":[446],"tags":[783],"featured_image_src":"https:\/\/www.messinaoggi.it\/website\/wp-content\/uploads\/2021\/10\/20211018_2387.jpg","author_info":{"display_name":"Admin","author_link":"https:\/\/www.messinaoggi.it\/website\/author\/admin\/"},"digistream_id":0,"digistream":false,"_links":{"self":[{"href":"https:\/\/www.messinaoggi.it\/website\/wp-json\/wp\/v2\/posts\/84091"}],"collection":[{"href":"https:\/\/www.messinaoggi.it\/website\/wp-json\/wp\/v2\/posts"}],"about":[{"href":"https:\/\/www.messinaoggi.it\/website\/wp-json\/wp\/v2\/types\/post"}],"author":[{"embeddable":true,"href":"https:\/\/www.messinaoggi.it\/website\/wp-json\/wp\/v2\/users\/18"}],"replies":[{"embeddable":true,"href":"https:\/\/www.messinaoggi.it\/website\/wp-json\/wp\/v2\/comments?post=84091"}],"version-history":[{"count":0,"href":"https:\/\/www.messinaoggi.it\/website\/wp-json\/wp\/v2\/posts\/84091\/revisions"}],"wp:featuredmedia":[{"embeddable":true,"href":"https:\/\/www.messinaoggi.it\/website\/wp-json\/wp\/v2\/media\/84092"}],"wp:attachment":[{"href":"https:\/\/www.messinaoggi.it\/website\/wp-json\/wp\/v2\/media?parent=84091"}],"wp:term":[{"taxonomy":"category","embeddable":true,"href":"https:\/\/www.messinaoggi.it\/website\/wp-json\/wp\/v2\/categories?post=84091"},{"taxonomy":"post_tag","embeddable":true,"href":"https:\/\/www.messinaoggi.it\/website\/wp-json\/wp\/v2\/tags?post=84091"}],"curies":[{"name":"wp","href":"https:\/\/api.w.org\/{rel}","templated":true}]}}