{"id":8404,"date":"2017-09-26T09:12:50","date_gmt":"2017-09-26T07:12:50","guid":{"rendered":"http:\/\/www.messinaoggi.it\/website\/?p=8404"},"modified":"2017-09-26T09:12:50","modified_gmt":"2017-09-26T07:12:50","slug":"pulci-alla-scuola-di-villa-lina-la-dirigente-chiarisce","status":"publish","type":"post","link":"https:\/\/www.messinaoggi.it\/website\/2017\/09\/26\/pulci-alla-scuola-di-villa-lina-la-dirigente-chiarisce\/","title":{"rendered":"Pulci alla scuola di Villa Lina, la dirigente chiarisce"},"content":{"rendered":"<p>\u201cTutto il personale dell&#8217;I.C. villa Lina- Ritiro \u00e8 costernato nel prendere atto di un articolo, comparso su un quotidiano online, facente chiaro riferimento, nel titolo, alla presunta esistenza di pulci all&#8217;interno dei locali scolastici. Il disappunto deriva dal fatto che, contrariamente a quanto scritto, la26 Dirigente Scolastico Giuseppa Cosola, appena insediata ha affrontato i temi della sicurezza, dell&#8217;igiene e del decoro della scuola. In particolare, relativamente all&#8217;igiene, giorno 1 settembre 2017 \u00e8 stata attuata la disinfestazione di tutti i plessi. E&#8217; stata altres\u00ec richiesta la rimozione di alcuni rifiuti speciali depositati di fronte al plesso Vann&#8217;Ant\u00f2. Infatti, grazie al sollecito del dirigente, Legambiente ha provveduto tempestivamente a rimuovere tali rifiuti. Infine \u00e8 stato richiesto lo spostamento di un cassonetto dei rifiuti attualmente ubicato di fronte all&#8217;ingresso scolastico\u201d.<br \/>\nE\u2019 quanto scrive in una nota la dirigente scolastica della scuola del rione Giostra. \u201cLa scuola non \u00e8 responsabile dell&#8217;abbandono indiscriminato di rifiuti al di fuori dei propri locali\u201d, conclude la nota.<div id=\"div-gpt-ad-Messinaoggi.it-DSK-300x250-corpoart\" style=\"text-align:center;margin:0 auto;\"><\/div><\/p>\n<div id=\"videoincontent\" style=\"clear:both\";><\/div>","protected":false},"excerpt":{"rendered":"<p>\u201cTutto il personale dell&#8217;I.C. villa Lina- Ritiro \u00e8 costernato nel prendere atto di un articolo, comparso su un quotidiano online, facente chiaro riferimento, nel titolo, alla presunta esistenza di pulci all&#8217;interno dei locali scolastici. Il disappunto deriva dal fatto che, contrariamente a quanto scritto, la26 Dirigente Scolastico Giuseppa Cosola, appena insediata ha affrontato i temi [&hellip;]<\/p>\n","protected":false},"author":2,"featured_media":7999,"comment_status":"closed","ping_status":"open","sticky":false,"template":"","format":"standard","meta":{"ub_ctt_via":"","_mi_skip_tracking":false},"categories":[5],"tags":[],"featured_image_src":"https:\/\/www.messinaoggi.it\/website\/wp-content\/uploads\/2017\/09\/IMG_1635-2.jpg","author_info":{"display_name":"Redazione","author_link":"https:\/\/www.messinaoggi.it\/website\/author\/redazione\/"},"digistream_id":0,"digistream":false,"_links":{"self":[{"href":"https:\/\/www.messinaoggi.it\/website\/wp-json\/wp\/v2\/posts\/8404"}],"collection":[{"href":"https:\/\/www.messinaoggi.it\/website\/wp-json\/wp\/v2\/posts"}],"about":[{"href":"https:\/\/www.messinaoggi.it\/website\/wp-json\/wp\/v2\/types\/post"}],"author":[{"embeddable":true,"href":"https:\/\/www.messinaoggi.it\/website\/wp-json\/wp\/v2\/users\/2"}],"replies":[{"embeddable":true,"href":"https:\/\/www.messinaoggi.it\/website\/wp-json\/wp\/v2\/comments?post=8404"}],"version-history":[{"count":0,"href":"https:\/\/www.messinaoggi.it\/website\/wp-json\/wp\/v2\/posts\/8404\/revisions"}],"wp:featuredmedia":[{"embeddable":true,"href":"https:\/\/www.messinaoggi.it\/website\/wp-json\/wp\/v2\/media\/7999"}],"wp:attachment":[{"href":"https:\/\/www.messinaoggi.it\/website\/wp-json\/wp\/v2\/media?parent=8404"}],"wp:term":[{"taxonomy":"category","embeddable":true,"href":"https:\/\/www.messinaoggi.it\/website\/wp-json\/wp\/v2\/categories?post=8404"},{"taxonomy":"post_tag","embeddable":true,"href":"https:\/\/www.messinaoggi.it\/website\/wp-json\/wp\/v2\/tags?post=8404"}],"curies":[{"name":"wp","href":"https:\/\/api.w.org\/{rel}","templated":true}]}}