{"id":84027,"date":"2021-10-18T16:07:33","date_gmt":"2021-10-18T14:07:33","guid":{"rendered":"https:\/\/www.messinaoggi.it\/website\/2021\/10\/18\/pnrr-casellati-le-universita-siano-protagoniste-delle-strategie\/"},"modified":"2021-10-18T16:07:33","modified_gmt":"2021-10-18T14:07:33","slug":"pnrr-casellati-le-universita-siano-protagoniste-delle-strategie","status":"publish","type":"post","link":"https:\/\/www.messinaoggi.it\/website\/2021\/10\/18\/pnrr-casellati-le-universita-siano-protagoniste-delle-strategie\/","title":{"rendered":"Pnrr, Casellati \u201cLe Universit\u00e0 siano protagoniste delle strategie\u201d"},"content":{"rendered":"<div>BERGAMO (ITALPRESS) &#8211; &#8220;Riparte l&#8217;Italia, chiamata alla prova epocale del Piano Nazionale di Resistenza e Resilienza e all&#8217;attuazione di riforme e investimenti programmatici cruciali per il proprio futuro. Un obiettivo in cui il legame tra l&#8217;Italia del sapere e l&#8217;Italia del fare &#8211; che voi rappresentate al meglio &#8211; diventa fondamentale per elaborare strategie di sviluppo concrete, efficaci e durature&#8221;. Lo ha detto il presidente del Senato Maria Elisabetta Alberti Casellati, nel suo intervento all&#8217;inaugurazione dell&#8217;anno accademico dell&#8217;Universit\u00e0 di Bergamo.<br \/>&#8220;Strategie di cui le nostre Universit\u00e0 devono essere protagoniste &#8211; ha proseguito Casellati -. Perch\u00e8 la rinascita del nostro Paese parte anche da qui. Parte soprattutto dai nostri studenti, dai loro sogni e dalle loro ambizioni. Un patrimonio di talenti ed energie che non possiamo lasciare inespresso o perdere per strada, costringendo i nostri giovani a cercare all&#8217;estero quelle prospettive di lavoro e di vita che non trovano nel proprio Paese&#8221;.<br \/>&#8220;Oggi pi\u00f9 che mai Parlamento e Governo hanno il dovere di dimostrare di avere compreso veramente che un Paese che non investe seriamente nelle proprie universit\u00e0 e nella ricerca scientifica \u00e8 un Paese destinato non solo a perdere in competitivit\u00e0 ma anche in sicurezza e libert\u00e0 &#8211; ha detto ancora il presidente del Senato -. Perch\u00e8 \u00e8 qui che si crea il futuro delle prossime generazioni. Che si formano le donne e gli uomini che domani dovranno immaginare e gestire le nostre economie, che conquisteranno le nuove frontiere della medicina e della scienza o che saranno chiamati a governare il Paese. Torniamo quindi, nell&#8217;anno dantesco, a guardare le stelle. Torniamo ad essere l&#8217;Italia che emoziona e che vince non solo nello sport ma anche nell&#8217;economia, nel lavoro, nella societ\u00e0, nell&#8217;arte, nella scienza e nella cultura. Restituiamo centralit\u00e0 al ruolo delle nostre universit\u00e0, riconosciamone i meriti e sosteniamone lo spirito creativo e intraprendente per costruire insieme un nuovo solido percorso di crescita, benessere ed opportunit\u00e0&#8221;.<br \/>(ITALPRESS).<\/div>\n<div id=\"div-gpt-ad-Messinaoggi.it-DSK-300x250-corpoart\" style=\"text-align:center;margin:0 auto;\"><\/div><\/p><div id=\"videoincontent\" style=\"clear:both\";><\/div>","protected":false},"excerpt":{"rendered":"<p>BERGAMO (ITALPRESS) &#8211; &#8220;Riparte l&#8217;Italia, chiamata alla prova epocale del Piano Nazionale di Resistenza e Resilienza e all&#8217;attuazione di riforme e investimenti programmatici cruciali per il proprio futuro. Un obiettivo in cui il legame tra l&#8217;Italia del sapere e l&#8217;Italia del fare &#8211; che voi rappresentate al meglio &#8211; diventa fondamentale per elaborare strategie di [&hellip;]<\/p>\n","protected":false},"author":18,"featured_media":84028,"comment_status":"closed","ping_status":"closed","sticky":false,"template":"","format":"standard","meta":{"ub_ctt_via":"","_mi_skip_tracking":false},"categories":[446],"tags":[783],"featured_image_src":"https:\/\/www.messinaoggi.it\/website\/wp-content\/uploads\/2021\/10\/20211018_1344.jpg","author_info":{"display_name":"Admin","author_link":"https:\/\/www.messinaoggi.it\/website\/author\/admin\/"},"digistream_id":0,"digistream":false,"_links":{"self":[{"href":"https:\/\/www.messinaoggi.it\/website\/wp-json\/wp\/v2\/posts\/84027"}],"collection":[{"href":"https:\/\/www.messinaoggi.it\/website\/wp-json\/wp\/v2\/posts"}],"about":[{"href":"https:\/\/www.messinaoggi.it\/website\/wp-json\/wp\/v2\/types\/post"}],"author":[{"embeddable":true,"href":"https:\/\/www.messinaoggi.it\/website\/wp-json\/wp\/v2\/users\/18"}],"replies":[{"embeddable":true,"href":"https:\/\/www.messinaoggi.it\/website\/wp-json\/wp\/v2\/comments?post=84027"}],"version-history":[{"count":0,"href":"https:\/\/www.messinaoggi.it\/website\/wp-json\/wp\/v2\/posts\/84027\/revisions"}],"wp:featuredmedia":[{"embeddable":true,"href":"https:\/\/www.messinaoggi.it\/website\/wp-json\/wp\/v2\/media\/84028"}],"wp:attachment":[{"href":"https:\/\/www.messinaoggi.it\/website\/wp-json\/wp\/v2\/media?parent=84027"}],"wp:term":[{"taxonomy":"category","embeddable":true,"href":"https:\/\/www.messinaoggi.it\/website\/wp-json\/wp\/v2\/categories?post=84027"},{"taxonomy":"post_tag","embeddable":true,"href":"https:\/\/www.messinaoggi.it\/website\/wp-json\/wp\/v2\/tags?post=84027"}],"curies":[{"name":"wp","href":"https:\/\/api.w.org\/{rel}","templated":true}]}}