{"id":84005,"date":"2021-10-18T15:07:34","date_gmt":"2021-10-18T13:07:34","guid":{"rendered":"https:\/\/www.messinaoggi.it\/website\/2021\/10\/18\/pioli-porto-step-da-superare-ibra-non-partira-titolare\/"},"modified":"2021-10-18T15:07:34","modified_gmt":"2021-10-18T13:07:34","slug":"pioli-porto-step-da-superare-ibra-non-partira-titolare","status":"publish","type":"post","link":"https:\/\/www.messinaoggi.it\/website\/2021\/10\/18\/pioli-porto-step-da-superare-ibra-non-partira-titolare\/","title":{"rendered":"Pioli \u201cPorto step da superare, Ibra non partir\u00e0 titolare\u201d"},"content":{"rendered":"<div>MILANO (ITALPRESS) &#8211; &#8220;Affrontiamo un avversario solido, compatto, con giocatori offensivi veloci. Sar\u00e0 una partita che presenter\u00e0 difficolt\u00e0 tipiche dei match di alto livello&#8221;. Cos\u00ec il tecnico del Milan, Stefano Pioli, alla vigilia della sfida di Champions League contro il Porto. &#8220;Abbiamo studiato bene il Porto e  preparato la nostra strategia, sperando che dia i frutti &#8211; ha spiegato il mister rossonero in conferenza stampa &#8211; Ibra titolare? Sta meglio, ma sabato ha giocato 15 minuti. Potr\u00e0 aumentare il minutaggio, ma non credo abbia tanto di pi\u00f9 nelle gambe. Bennacer? Sta bene, \u00e8 tornato in buone condizioni ed \u00e8 pronto per giocare domani&#8221;. &#8220;Manca tanto per tornare grandi, ma siamo sulla strada giusta &#8211; ha proseguito l&#8217;ex mister di Fiorentina, Lazio e Inter &#8211; Ci sono ancora tanti step da superare, come quello di domani. La squadra vuole arrivare finalmente ad un risultato positivo in Champions. Dobbiamo restare lucidi e concentrati per tutta la partita. Nelle prime due gare abbiamo pagato i piccoli dettagli e perso le prime due per alcune disattenzioni in fase difensiva&#8221;. L&#8217;attaccante rossonero Leao non usa mezzi termini: &#8220;E&#8217; una finale, e lo sar\u00e0 dai primi minuti. Vogliamo giocare con la testa giusta perch\u00e8 il Porto \u00e8 una bella squadra con qualit\u00e0 ed un allenatore (Conceicao, ndr) conosce il calcio italiano&#8221;. Il Porto \u00e8 un avversario temibile: &#8220;Giocare contro di loro \u00e8 sempre difficile ma domani per me e i miei compagni sar\u00e0 una finale, vogliamo vincere e fare punti per andare avanti. Siamo una squadra giovane ma con la testa giusta. Ci sono giocatori di esperienza e domani possiamo mostrare quello che sappiamo fare&#8221;.<br \/>(ITALPRESS).<\/div>\n<div id=\"div-gpt-ad-Messinaoggi.it-DSK-300x250-corpoart\" style=\"text-align:center;margin:0 auto;\"><\/div><\/p><div id=\"videoincontent\" style=\"clear:both\";><\/div>","protected":false},"excerpt":{"rendered":"<p>MILANO (ITALPRESS) &#8211; &#8220;Affrontiamo un avversario solido, compatto, con giocatori offensivi veloci. Sar\u00e0 una partita che presenter\u00e0 difficolt\u00e0 tipiche dei match di alto livello&#8221;. Cos\u00ec il tecnico del Milan, Stefano Pioli, alla vigilia della sfida di Champions League contro il Porto. &#8220;Abbiamo studiato bene il Porto e preparato la nostra strategia, sperando che dia i [&hellip;]<\/p>\n","protected":false},"author":18,"featured_media":84006,"comment_status":"closed","ping_status":"closed","sticky":false,"template":"","format":"standard","meta":{"ub_ctt_via":"","_mi_skip_tracking":false},"categories":[446],"tags":[783],"featured_image_src":"https:\/\/www.messinaoggi.it\/website\/wp-content\/uploads\/2021\/10\/20211018_0980.jpg","author_info":{"display_name":"Admin","author_link":"https:\/\/www.messinaoggi.it\/website\/author\/admin\/"},"digistream_id":0,"digistream":false,"_links":{"self":[{"href":"https:\/\/www.messinaoggi.it\/website\/wp-json\/wp\/v2\/posts\/84005"}],"collection":[{"href":"https:\/\/www.messinaoggi.it\/website\/wp-json\/wp\/v2\/posts"}],"about":[{"href":"https:\/\/www.messinaoggi.it\/website\/wp-json\/wp\/v2\/types\/post"}],"author":[{"embeddable":true,"href":"https:\/\/www.messinaoggi.it\/website\/wp-json\/wp\/v2\/users\/18"}],"replies":[{"embeddable":true,"href":"https:\/\/www.messinaoggi.it\/website\/wp-json\/wp\/v2\/comments?post=84005"}],"version-history":[{"count":0,"href":"https:\/\/www.messinaoggi.it\/website\/wp-json\/wp\/v2\/posts\/84005\/revisions"}],"wp:featuredmedia":[{"embeddable":true,"href":"https:\/\/www.messinaoggi.it\/website\/wp-json\/wp\/v2\/media\/84006"}],"wp:attachment":[{"href":"https:\/\/www.messinaoggi.it\/website\/wp-json\/wp\/v2\/media?parent=84005"}],"wp:term":[{"taxonomy":"category","embeddable":true,"href":"https:\/\/www.messinaoggi.it\/website\/wp-json\/wp\/v2\/categories?post=84005"},{"taxonomy":"post_tag","embeddable":true,"href":"https:\/\/www.messinaoggi.it\/website\/wp-json\/wp\/v2\/tags?post=84005"}],"curies":[{"name":"wp","href":"https:\/\/api.w.org\/{rel}","templated":true}]}}