{"id":83985,"date":"2021-10-18T12:02:37","date_gmt":"2021-10-18T10:02:37","guid":{"rendered":"https:\/\/www.messinaoggi.it\/website\/2021\/10\/18\/museo-di-amsterdam-restituisce-alla-sicilia-38-importanti-reperti\/"},"modified":"2021-10-18T12:02:37","modified_gmt":"2021-10-18T10:02:37","slug":"museo-di-amsterdam-restituisce-alla-sicilia-38-importanti-reperti","status":"publish","type":"post","link":"https:\/\/www.messinaoggi.it\/website\/2021\/10\/18\/museo-di-amsterdam-restituisce-alla-sicilia-38-importanti-reperti\/","title":{"rendered":"Museo di Amsterdam restituisce alla Sicilia 38 importanti reperti"},"content":{"rendered":"<div>\n<p>PALERMO (ITALPRESS) \u2013 Con la restituzione di 38 importanti reperti archeologici da parte del direttore dell\u2019Allard Pierson Museum di Amsterdam, Wim Hupperez, alla Soprintendenza del Mare della Regione Siciliana, si \u00e8 conclusa questa mattina all\u2019Arsenale della Marina Regia di Palermo una vicenda relativa a beni del patrimonio regionale illecitamente sottratti da un relitto scoperto nel 1957 nel mare delle Eolie.<br \/>Presenti alla cerimonia di consegna l\u2019Assessore regionale dei Beni culturali e dell\u2019Identit\u00e0 siciliana, Alberto Samon\u00e0, la Soprintendente del Mare, Valeria Li Vigni e il comandante del Nucleo Tutela del patrimonio Culturale dei Carabinieri, Maggiore Giangluigi Marmora.<br \/>I reperti, tutti provenienti dal sito subacqueo della Secca di Capistello a Lipari, erano esposti nelle sale del Museo olandese quando, in occasione della mostra \u201cMirabilia Maris\u201d, organizzata da un consorzio europeo di musei con capofila la Soprintendenza del Mare, sono stati riconosciuti da Sebastiano Tusa come provenienti dai fondali siciliani; lo stesso che, interessando il Comando Carabinieri Tutela Patrimonio Culturale, che a sua volta informava la Procura della Repubblica di Barcellona Pozzo di Gotto, dava l\u2019avvio ad una fruttuosa attivit\u00e0 d\u2019indagine.<br \/>\u201cI nostri tesori tornano finalmente a casa: grazie alla competenza di Sebastiano Tusa e all\u2019intervento del Nucleo di Tutela del Patrimonio culturale dei Carabinieri, un prezioso pezzo di storia illecitamente sottratto \u2013 ha sottolineato l\u2019assessore Samon\u00e0 \u2013 \u00e8 rientrato in Sicilia e sar\u00e0 restituito alla collettivit\u00e0. Sono felice di ospitare nella nostra Isola il direttore del Museo di Amsterdam Wim Hupperez con il quale, sono certo, si troveranno ulteriori fruttuose occasioni per condividere esperienze culturali, nella prospettiva di un rapporto proficuo nel nome della cultura. L\u2019importante azione di vigilanza, costantemente effettuata insieme alle forze dell\u2019ordine, ci ha permesso in questi anni, di riportare a casa diverse testimonianze del nostro patrimonio culturale. Acquisire i reperti sottratti alla Sicilia, vigilare e attivare scambi proficui con i musei di tutto il mondo, \u00e8 la strada su cui il governo regionale \u00e8 costantemente impegnato\u201d.<br \/>Il relitto di Capistello, risalente al III secolo a.C., si trova tra i 60 e i 90 metri di profondit\u00e0. E\u2019 stato scoperto negli anni 60 ed \u00e8 uno dei siti pi\u00f9 importanti per la storia dell\u2019archeologia subacquea in Sicilia. Furono proprio alcuni sub siciliani ad individuarlo oltre cinquant\u2019anni fa, anche se le prime indagini ufficiali furono condotte da un team tedesco qualche anno dopo.<br \/>Soggetto nel corso degli anni a numerose depredazioni \u00e8 stato definito il \u201crelitto maledetto\u201d a causa di alcuni incidenti occorsi ai sommozzatori durante le prime esplorazioni. Il sito, negli anni recenti, \u00e8 stato sottoposto dalla Soprintendenza del Mare a numerose operazioni di controllo e di tutela grazie anche all\u2019ausilio di mini sommergibili e di subacquei altofondalisti. Una consistente esposizione di reperti provenienti dalla Secca si pu\u00f2 oggi ammirare al Museo Eoliano di Lipari.<br \/>\u201cAbbiamo raggiunto l\u2019obiettivo di Sebastiano Tusa \u2013 ha dichiarato la Soprintendente del Mare Valeria Li Vigni \u2013 di riportare nelle nostre sedi i reperti della Secca di Capistello, che ha fornito innumerevoli e importanti dati sulla documentazione del relitto. Siamo particolarmente grati al direttore dell\u2019Allard Pierson Museum per aver tenuto fede alla promessa fatta a Sebastiano nel 2015\u201d.<br \/>La restituzione di oggi, \u00e8 stata definita nel 2020 a seguito di un accordo tra la Direzione del Museo olandese e la Soprintendenza del Mare che ha ricondotto a procedura amministrativa quello che avrebbe potuto concludersi come procedimento penale, creando anche nuove opportunit\u00e0 di collaborazione tra il Museo olandese e la Sicilia.<br \/>Le operazioni di rientro dei reperti in Sicilia sono state coordinate dal Nucleo Tutela del Patrimonio Culturale di Palermo comandato dal maggiore Gianluigi Marmora che ha assicurato il proprio supporto alla riuscita dell\u2019operazione.<br \/>(ITALPRESS).<div id=\"div-gpt-ad-Messinaoggi.it-DSK-300x250-corpoart\" style=\"text-align:center;margin:0 auto;\"><\/div><\/p>\n<\/div>\n<div id=\"videoincontent\" style=\"clear:both\";><\/div>","protected":false},"excerpt":{"rendered":"<p>PALERMO (ITALPRESS) \u2013 Con la restituzione di 38 importanti reperti archeologici da parte del direttore dell\u2019Allard Pierson Museum di Amsterdam, Wim Hupperez, alla Soprintendenza del Mare della Regione Siciliana, si \u00e8 conclusa questa mattina all\u2019Arsenale della Marina Regia di Palermo una vicenda relativa a beni del patrimonio regionale illecitamente sottratti da un relitto scoperto nel [&hellip;]<\/p>\n","protected":false},"author":18,"featured_media":83986,"comment_status":"closed","ping_status":"closed","sticky":false,"template":"","format":"standard","meta":{"ub_ctt_via":"","_mi_skip_tracking":false},"categories":[2449],"tags":[783],"featured_image_src":"https:\/\/www.messinaoggi.it\/website\/wp-content\/uploads\/2021\/10\/20211018_0447.jpg","author_info":{"display_name":"Admin","author_link":"https:\/\/www.messinaoggi.it\/website\/author\/admin\/"},"digistream_id":0,"digistream":false,"_links":{"self":[{"href":"https:\/\/www.messinaoggi.it\/website\/wp-json\/wp\/v2\/posts\/83985"}],"collection":[{"href":"https:\/\/www.messinaoggi.it\/website\/wp-json\/wp\/v2\/posts"}],"about":[{"href":"https:\/\/www.messinaoggi.it\/website\/wp-json\/wp\/v2\/types\/post"}],"author":[{"embeddable":true,"href":"https:\/\/www.messinaoggi.it\/website\/wp-json\/wp\/v2\/users\/18"}],"replies":[{"embeddable":true,"href":"https:\/\/www.messinaoggi.it\/website\/wp-json\/wp\/v2\/comments?post=83985"}],"version-history":[{"count":0,"href":"https:\/\/www.messinaoggi.it\/website\/wp-json\/wp\/v2\/posts\/83985\/revisions"}],"wp:featuredmedia":[{"embeddable":true,"href":"https:\/\/www.messinaoggi.it\/website\/wp-json\/wp\/v2\/media\/83986"}],"wp:attachment":[{"href":"https:\/\/www.messinaoggi.it\/website\/wp-json\/wp\/v2\/media?parent=83985"}],"wp:term":[{"taxonomy":"category","embeddable":true,"href":"https:\/\/www.messinaoggi.it\/website\/wp-json\/wp\/v2\/categories?post=83985"},{"taxonomy":"post_tag","embeddable":true,"href":"https:\/\/www.messinaoggi.it\/website\/wp-json\/wp\/v2\/tags?post=83985"}],"curies":[{"name":"wp","href":"https:\/\/api.w.org\/{rel}","templated":true}]}}