{"id":83983,"date":"2021-10-18T11:07:32","date_gmt":"2021-10-18T09:07:32","guid":{"rendered":"https:\/\/www.messinaoggi.it\/website\/2021\/10\/18\/dal-pino-stato-non-ha-a-cuore-calcio-daspo-a-vita-ai-razzisti\/"},"modified":"2021-10-18T11:07:32","modified_gmt":"2021-10-18T09:07:32","slug":"dal-pino-stato-non-ha-a-cuore-calcio-daspo-a-vita-ai-razzisti","status":"publish","type":"post","link":"https:\/\/www.messinaoggi.it\/website\/2021\/10\/18\/dal-pino-stato-non-ha-a-cuore-calcio-daspo-a-vita-ai-razzisti\/","title":{"rendered":"Dal Pino \u201cStato non ha a cuore calcio, daspo a vita ai razzisti\u201d"},"content":{"rendered":"<div>ROMA (ITALPRESS) &#8211; E&#8217; una ferita aperta, anche se ancora in tempo per essere guarita. &#8220;E&#8217; difficile comprendere come uno stato non abbia a cuore settore che ha versato oltre 14 miliardi di contribuzioni&#8221;. Paolo Dal Pino, presidente della Lega Serie A e vice-presidente vicario della Figc, non nasconde la delusione cocente per il decreto del consiglio dei ministri che ha di fatto &#8216;snobbat\u00f2 la richiesta di aiuti finanziari al mondo del calcio.<br \/>&#8220;Abbiamo chiesto provvedimenti a costo zero per societ\u00e0 che, a causa della pandemia, sono in perdita di 1,2 miliardi &#8211; sottolinea il numero uno della Lega Calcio ai microfoni di &#8216;Radio Anch&#8217;io Sport&#8217; su Rai RadioUno &#8211; Spero si riesca a breve a riparare a questa dimenticanza, altrimenti non \u00e8 accettabile. Non abbiamo chiesto dei ristori come altri settori, ma la dilazione delle scadenze di sei mesi di contributi del 2021: sono certo che il Parlamento, in sede di conversione del decreto, capir\u00e0 le nostre ragioni&#8221;. Per Dal Pino, inoltre, la riduzione dei costi &#8220;passa attraverso il financial fair play a livello europeo. Ci sono diverse cose che impediscono lo sviluppo delle societ\u00e0: in questo paese, ad esempio, per costruire uno stadio ci vogliono dieci anni contro i due delle altre nazioni europee&#8221;. Negli ultimi giorni, il calcio italiano (e non solo) \u00e8 tornato a fare i conti con il razzismo negli stadi. &#8220;Tutto ci\u00f2 che \u00e8 razzismo e discriminazione \u00e8 orribile e non fa parte di noi &#8211; prosegue Dal Pino &#8211; Non \u00e8 un problema solo di stadi, dove si vedono casi singoli di personaggi che non dovrebbero pi\u00f9 entrarvi. Siamo al  lavoro per un protocollo d&#8217;intesa per un daspo a vita verso chi si macchia di razzismo non solo in uno stadio, ma in tutti. Mi piacerebbe che nel nostro centro Var di Lissone ci sia una stanza, una respect room, dove la tecnologia ci aiuti a debellare le discriminazioni&#8221;. E, a proposito di tv, inevitabile un focus sulla qualit\u00e0 delle partite trasmesse da Dazn: &#8220;Le nostre strutture hanno fatto tutte le verifiche sulla possibilit\u00e0 di avere il nostro campionato solo sulla rete. Le condizioni c&#8217;erano e ci sono. Dazn \u00e8 responsabile e abbiamo detto che \u00e8 inaccettabile. Qualcosa di meglio per\u00f2 si \u00e8 visto nelle ultime domeniche, speriamo che ci\u00f2 porti all&#8217;uso della banda larga in tutto il paese&#8221;. <br \/>(ITALPRESS).<\/div>\n<div id=\"div-gpt-ad-Messinaoggi.it-DSK-300x250-corpoart\" style=\"text-align:center;margin:0 auto;\"><\/div><\/p><div id=\"videoincontent\" style=\"clear:both\";><\/div>","protected":false},"excerpt":{"rendered":"<p>ROMA (ITALPRESS) &#8211; E&#8217; una ferita aperta, anche se ancora in tempo per essere guarita. &#8220;E&#8217; difficile comprendere come uno stato non abbia a cuore settore che ha versato oltre 14 miliardi di contribuzioni&#8221;. Paolo Dal Pino, presidente della Lega Serie A e vice-presidente vicario della Figc, non nasconde la delusione cocente per il decreto [&hellip;]<\/p>\n","protected":false},"author":18,"featured_media":83984,"comment_status":"closed","ping_status":"closed","sticky":false,"template":"","format":"standard","meta":{"ub_ctt_via":"","_mi_skip_tracking":false},"categories":[446],"tags":[783],"featured_image_src":"https:\/\/www.messinaoggi.it\/website\/wp-content\/uploads\/2021\/10\/20211018_0224.jpg","author_info":{"display_name":"Admin","author_link":"https:\/\/www.messinaoggi.it\/website\/author\/admin\/"},"digistream_id":0,"digistream":false,"_links":{"self":[{"href":"https:\/\/www.messinaoggi.it\/website\/wp-json\/wp\/v2\/posts\/83983"}],"collection":[{"href":"https:\/\/www.messinaoggi.it\/website\/wp-json\/wp\/v2\/posts"}],"about":[{"href":"https:\/\/www.messinaoggi.it\/website\/wp-json\/wp\/v2\/types\/post"}],"author":[{"embeddable":true,"href":"https:\/\/www.messinaoggi.it\/website\/wp-json\/wp\/v2\/users\/18"}],"replies":[{"embeddable":true,"href":"https:\/\/www.messinaoggi.it\/website\/wp-json\/wp\/v2\/comments?post=83983"}],"version-history":[{"count":0,"href":"https:\/\/www.messinaoggi.it\/website\/wp-json\/wp\/v2\/posts\/83983\/revisions"}],"wp:featuredmedia":[{"embeddable":true,"href":"https:\/\/www.messinaoggi.it\/website\/wp-json\/wp\/v2\/media\/83984"}],"wp:attachment":[{"href":"https:\/\/www.messinaoggi.it\/website\/wp-json\/wp\/v2\/media?parent=83983"}],"wp:term":[{"taxonomy":"category","embeddable":true,"href":"https:\/\/www.messinaoggi.it\/website\/wp-json\/wp\/v2\/categories?post=83983"},{"taxonomy":"post_tag","embeddable":true,"href":"https:\/\/www.messinaoggi.it\/website\/wp-json\/wp\/v2\/tags?post=83983"}],"curies":[{"name":"wp","href":"https:\/\/api.w.org\/{rel}","templated":true}]}}