{"id":83973,"date":"2021-10-18T09:07:35","date_gmt":"2021-10-18T07:07:35","guid":{"rendered":"https:\/\/www.messinaoggi.it\/website\/2021\/10\/18\/green-pass-toti-giusto-manifestare-no-bloccare-chi-vuole-lavorare\/"},"modified":"2021-10-18T09:07:35","modified_gmt":"2021-10-18T07:07:35","slug":"green-pass-toti-giusto-manifestare-no-bloccare-chi-vuole-lavorare","status":"publish","type":"post","link":"https:\/\/www.messinaoggi.it\/website\/2021\/10\/18\/green-pass-toti-giusto-manifestare-no-bloccare-chi-vuole-lavorare\/","title":{"rendered":"Green Pass, Toti \u201cGiusto manifestare, no bloccare chi vuole lavorare\u201d"},"content":{"rendered":"<div>GENOVA (ITALPRESS) &#8211; &#8220;Ho parlato con il Ministro dell&#8217;Interno, con il prefetto e il questore di Genova oggi. Il punto \u00e8 che le proteste sono assolutamente legittime, ma la maggioranza del Paese si \u00e8 espressa chiaramente a favore di un&#8217;Italia che riparte. E non sarebbe tollerabile allora che i porti diventassero la frontiera ostaggio di una frangia estrema. Ancora di pi\u00f9 di fronte all&#8217;atteggiamento responsabile dei sindacati e della maggior parte dei lavoratori. Un conto \u00e8 far sentire la propria voce, manifestare. Un altro \u00e8 bloccare chi vuol lavorare&#8221;. Cos\u00ec il presidente della Liguria e cofondatore di Coraggio Italia, Giovanni Toti in un&#8217;intervista al Secolo XIX, parlando del cosiddetto &#8220;G-Day&#8221;. &#8220;Diciamo che 1&#8217;85% degli over 12 \u00e8 vaccinato. Altre migliaia di persone che non sono d&#8217;accordo comunque vanno a farsi il tampone. Poi ci sono poche centinaia di persone che pensano di tenere in scacco il Paese. Milioni di persone hanno fatto il loro dovere per scacciare la pandemia, per fare ripartire un Paese che fa il pi\u00f9 6% di Pil. E poi c&#8217;\u00e8 chi vorrebbe tornare all&#8217;epoca delle chiusure di tutto o chi vuole gli scontri di piazza. Io sono d&#8217;accordo sull&#8217;evitare la tensione, ma non se si blocca il porto di Genova o si blocca la Liguria&#8221;.<br \/>\n(ITALPRESS).<\/div>\n<div id=\"div-gpt-ad-Messinaoggi.it-DSK-300x250-corpoart\" style=\"text-align:center;margin:0 auto;\"><\/div><\/p><div id=\"videoincontent\" style=\"clear:both\";><\/div>","protected":false},"excerpt":{"rendered":"<p>GENOVA (ITALPRESS) &#8211; &#8220;Ho parlato con il Ministro dell&#8217;Interno, con il prefetto e il questore di Genova oggi. Il punto \u00e8 che le proteste sono assolutamente legittime, ma la maggioranza del Paese si \u00e8 espressa chiaramente a favore di un&#8217;Italia che riparte. E non sarebbe tollerabile allora che i porti diventassero la frontiera ostaggio di [&hellip;]<\/p>\n","protected":false},"author":18,"featured_media":83974,"comment_status":"closed","ping_status":"closed","sticky":false,"template":"","format":"standard","meta":{"ub_ctt_via":"","_mi_skip_tracking":false},"categories":[446],"tags":[783],"featured_image_src":"https:\/\/www.messinaoggi.it\/website\/wp-content\/uploads\/2021\/10\/20211018_0123.jpg","author_info":{"display_name":"Admin","author_link":"https:\/\/www.messinaoggi.it\/website\/author\/admin\/"},"digistream_id":0,"digistream":false,"_links":{"self":[{"href":"https:\/\/www.messinaoggi.it\/website\/wp-json\/wp\/v2\/posts\/83973"}],"collection":[{"href":"https:\/\/www.messinaoggi.it\/website\/wp-json\/wp\/v2\/posts"}],"about":[{"href":"https:\/\/www.messinaoggi.it\/website\/wp-json\/wp\/v2\/types\/post"}],"author":[{"embeddable":true,"href":"https:\/\/www.messinaoggi.it\/website\/wp-json\/wp\/v2\/users\/18"}],"replies":[{"embeddable":true,"href":"https:\/\/www.messinaoggi.it\/website\/wp-json\/wp\/v2\/comments?post=83973"}],"version-history":[{"count":0,"href":"https:\/\/www.messinaoggi.it\/website\/wp-json\/wp\/v2\/posts\/83973\/revisions"}],"wp:featuredmedia":[{"embeddable":true,"href":"https:\/\/www.messinaoggi.it\/website\/wp-json\/wp\/v2\/media\/83974"}],"wp:attachment":[{"href":"https:\/\/www.messinaoggi.it\/website\/wp-json\/wp\/v2\/media?parent=83973"}],"wp:term":[{"taxonomy":"category","embeddable":true,"href":"https:\/\/www.messinaoggi.it\/website\/wp-json\/wp\/v2\/categories?post=83973"},{"taxonomy":"post_tag","embeddable":true,"href":"https:\/\/www.messinaoggi.it\/website\/wp-json\/wp\/v2\/tags?post=83973"}],"curies":[{"name":"wp","href":"https:\/\/api.w.org\/{rel}","templated":true}]}}