{"id":8393,"date":"2017-09-25T21:49:52","date_gmt":"2017-09-25T19:49:52","guid":{"rendered":"http:\/\/www.messinaoggi.it\/website\/?p=8393"},"modified":"2017-09-25T21:49:52","modified_gmt":"2017-09-25T19:49:52","slug":"uil-e-anaao-in-difesa-del-papardo-deve-essere-un-dea-di-ii-livello","status":"publish","type":"post","link":"https:\/\/www.messinaoggi.it\/website\/2017\/09\/25\/uil-e-anaao-in-difesa-del-papardo-deve-essere-un-dea-di-ii-livello\/","title":{"rendered":"Uil e Anaao in difesa del Papardo: &quot;Deve essere un Dea di II livello&quot;"},"content":{"rendered":"<p>La conferenza stampa \u00e8 servita per impegnare la politica messinese. \u201cI<em>l Papardo deve diventare un Dea di Secondo livello<\/em>\u201d. Il messaggio \u00e8 stato lanciato chiaramente nel corso di una conferenza stampa tenuta questa mattina da Uil Messina, Uil-Fpl e Anaao-Assomed. Un messaggio forte e chiaro rivolto alla deputazione messinese e soprattutto al nuovo assessore alla Sanit\u00e0.<br \/>\n<strong><img loading=\"lazy\" class=\"alignnone size-medium wp-image-8386\" src=\"http:\/\/www.messinaoggi.it\/website\/wp-content\/uploads\/2017\/09\/ivan-tripodi-uilRRP_8325-300x200.jpg\" alt=\"\" width=\"300\" height=\"200\" \/><\/strong><br \/>\n<strong>Ivan Tripodi<\/strong>, segretario generale della Uil-Messina ha detto senza giri di parole: \u201c<em>Il Papardo deve preservare le sue eccellenze e continuare ad essere un punto di riferimento anche per la Calabria. Non basta il ripristino delle tre Unit\u00e0 operative complesse, il Papardo deve essere una Dea di Secondo livello<\/em>\u201d. Non sono mancati da parte di Tripodo inequivocabili riferimenti al manager <strong>Michele Vullo<\/strong>: \u201cIl dg del Papardo \u00e8 chiaramente il responsabile principale di questo declino, da lui ci saremmo aspettati altre dichiarazioni. Quando ha parlato di potere occulti, come la massoneria, che governano la Sanit\u00e0 a Messina, ci saremmo aspettati nomi e cognomi, non accuse generiche\u201d.<br \/>\n<img loading=\"lazy\" class=\"alignnone size-medium wp-image-8381\" src=\"http:\/\/www.messinaoggi.it\/website\/wp-content\/uploads\/2017\/09\/conf-stampa-uiRRP_8326-300x200.jpg\" alt=\"\" width=\"300\" height=\"200\" \/><br \/>\n<strong>Pietro Pata<\/strong>, segretario regionale di Anaao-Assomed, ha ribadito concetti espressi gi\u00e0 in altre occasioni: \u201cA<em>l Papardo va restituita la propria dignit\u00e0, non basta il ripristino delle tre Unit\u00e0 operative complesse che erano state sottratte a vantaggio di altre realt\u00e0, deve diventare un Dea di Secondo livello. E poi chiediamo l\u2019applicazione della Balduzzi tenendo conto delle produttivit\u00e0 delle Unit\u00e0 operative. Quella delle scuole di specializzazione \u00e8 un falso problema<\/em>\u201d.<br \/>\n<img loading=\"lazy\" class=\"alignnone size-medium wp-image-8378\" src=\"http:\/\/www.messinaoggi.it\/website\/wp-content\/uploads\/2017\/09\/calapai-uilRRP_8323-300x200.jpg\" alt=\"\" width=\"300\" height=\"200\" \/><br \/>\n<strong>Pippo Calapai<\/strong>, segretario generale della Uil-Fpl Messina ha sottolineato l\u2019importanza delle battaglie sindacali: \u201c<em>Noi, la Uil e Anaao-Assomed abbiamo difeso a denti stretti il Papardo, come abbiamo fatto del resto con il Piemponte. Oggi siamo soddisfatti a met\u00e0, il Papardo deve diventare un Dea di Secondo livello e questo \u00e8 ci\u00f2 che chiediamo al prossimo governo regionale che avr\u00e0 il compito di rivedere la Rete ospedaliera regionale. Tuttavia, non posso che ringraziare la dottoressa Diliberti che da subito ha accolto le nostre istanze e s\u2019\u00e8 impegnata fattivamente affinch\u00e9 si ottenesse un primo risultato come il ripristino di tre Unit\u00e0 operative complesse. Oltre che l\u2019onorevole Grasso che s\u2019\u00e8 messa a disposizione nella Sottocommissione parlamentare alla Sanit\u00e0, istituita proprio per il declassamento dell\u2019Ospedale Papardo<\/em>\u201d.<br \/>\n<img loading=\"lazy\" class=\"alignnone size-medium wp-image-8387\" src=\"http:\/\/www.messinaoggi.it\/website\/wp-content\/uploads\/2017\/09\/m-macr\u00ec-uilRRP_8320-300x200.jpg\" alt=\"\" width=\"300\" height=\"200\" \/><br \/>\nAlla conferenza stampa era presente anche il responsabile dell\u2019Area medica della Uil-Fpl, <strong>Mario Salvatore Macr\u00ec<\/strong>: \u201c<em>Non appena abbiamo compreso che la rete ospedaliera stava penalizzando il Papardo, abbiamo messo in campo tutte le nostre risorse, avviato una raccolta firme che ha trovato grande riscontro da parte dei cittadini<\/em>\u201d.<br \/>\nAll\u2019appello dei sindacati hanno risposto con la propria presenza i deputati regionali <strong>Bernadette Grasso<\/strong> e <strong>Valentina Zafarana<\/strong>, ha espresso la propria solidariet\u00e0 il parlamentare <strong>Pippo Laccoto<\/strong>, oggi impegnato a Palermo. Presente anche <strong>Carmelo Picciotto<\/strong>, presidente di Confcommercio Messina.<br \/>\n<img loading=\"lazy\" class=\"alignnone size-medium wp-image-8382\" src=\"http:\/\/www.messinaoggi.it\/website\/wp-content\/uploads\/2017\/09\/conf-stampa-uiRRP_8352-300x200.jpg\" alt=\"\" width=\"300\" height=\"200\" \/><div id=\"div-gpt-ad-Messinaoggi.it-DSK-300x250-corpoart\" style=\"text-align:center;margin:0 auto;\"><\/div><\/p>\n<div id=\"videoincontent\" style=\"clear:both\";><\/div>","protected":false},"excerpt":{"rendered":"<p>La conferenza stampa \u00e8 servita per impegnare la politica messinese. \u201cIl Papardo deve diventare un Dea di Secondo livello\u201d. Il messaggio \u00e8 stato lanciato chiaramente nel corso di una conferenza stampa tenuta questa mattina da Uil Messina, Uil-Fpl e Anaao-Assomed. Un messaggio forte e chiaro rivolto alla deputazione messinese e soprattutto al nuovo assessore alla [&hellip;]<\/p>\n","protected":false},"author":2,"featured_media":8380,"comment_status":"closed","ping_status":"open","sticky":false,"template":"","format":"standard","meta":{"ub_ctt_via":"","_mi_skip_tracking":false},"categories":[6],"tags":[],"featured_image_src":"https:\/\/www.messinaoggi.it\/website\/wp-content\/uploads\/2017\/09\/conf-stampa-uiRRP_8316-2.jpg","author_info":{"display_name":"Redazione","author_link":"https:\/\/www.messinaoggi.it\/website\/author\/redazione\/"},"digistream_id":0,"digistream":false,"_links":{"self":[{"href":"https:\/\/www.messinaoggi.it\/website\/wp-json\/wp\/v2\/posts\/8393"}],"collection":[{"href":"https:\/\/www.messinaoggi.it\/website\/wp-json\/wp\/v2\/posts"}],"about":[{"href":"https:\/\/www.messinaoggi.it\/website\/wp-json\/wp\/v2\/types\/post"}],"author":[{"embeddable":true,"href":"https:\/\/www.messinaoggi.it\/website\/wp-json\/wp\/v2\/users\/2"}],"replies":[{"embeddable":true,"href":"https:\/\/www.messinaoggi.it\/website\/wp-json\/wp\/v2\/comments?post=8393"}],"version-history":[{"count":0,"href":"https:\/\/www.messinaoggi.it\/website\/wp-json\/wp\/v2\/posts\/8393\/revisions"}],"wp:featuredmedia":[{"embeddable":true,"href":"https:\/\/www.messinaoggi.it\/website\/wp-json\/wp\/v2\/media\/8380"}],"wp:attachment":[{"href":"https:\/\/www.messinaoggi.it\/website\/wp-json\/wp\/v2\/media?parent=8393"}],"wp:term":[{"taxonomy":"category","embeddable":true,"href":"https:\/\/www.messinaoggi.it\/website\/wp-json\/wp\/v2\/categories?post=8393"},{"taxonomy":"post_tag","embeddable":true,"href":"https:\/\/www.messinaoggi.it\/website\/wp-json\/wp\/v2\/tags?post=8393"}],"curies":[{"name":"wp","href":"https:\/\/api.w.org\/{rel}","templated":true}]}}