{"id":83923,"date":"2021-10-17T17:07:34","date_gmt":"2021-10-17T15:07:34","guid":{"rendered":"https:\/\/www.messinaoggi.it\/website\/2021\/10\/17\/dellaquila-piedi-per-terra-ora-penso-al-mondiale\/"},"modified":"2021-10-17T17:07:34","modified_gmt":"2021-10-17T15:07:34","slug":"dellaquila-piedi-per-terra-ora-penso-al-mondiale","status":"publish","type":"post","link":"https:\/\/www.messinaoggi.it\/website\/2021\/10\/17\/dellaquila-piedi-per-terra-ora-penso-al-mondiale\/","title":{"rendered":"Dell\u2019Aquila \u201cPiedi per terra, ora penso al Mondiale\u201d"},"content":{"rendered":"<div>PALERMO (ITALPRESS) &#8211; &#8220;Quando ho capito che potevo vincere l&#8217;oro? L&#8217;ho realizzato subito, anche se la mia faccia incredula alla fine dell&#8217;incontro non lo dimostrava&#8221;. Vito Dell&#8217;Aquila \u00e8 entrato nella storia del taekwondo italiano conquistando il primo oro azzurro in questa disciplina alle Olimpiadi di Tokyo2020. Un successo straordinario:&#8221;Lo sognavo da tanto tempo e ci speravo tanto &#8211; ha detto all&#8217;Italpress -. Un p\u00f2 me l&#8217;aspettavo anche perch\u00e8 ho lavorato duramente in questi anni, quindi \u00e8 stato facile rendermene conto&#8221;. La vittoria dell&#8217;oro chiaramente porta popolarit\u00e0, ma Dell&#8217;Aquila &#8211; a Palermo per il corso Insegnanti Tecnici &#8211; ha avuto la bravura di restare con i piedi per terra: &#8220;La mia vita non \u00e8 cambiata, a parte il boom iniziale fatto di interviste, eventi, selfie. Adesso sono tornato alla normalit\u00e0 e mi sto allenando in vista dei prossimi obiettivi. Tra tre anni ci sar\u00e0 Parigi, ma prima bisogner\u00e0 qualificarsi. Nel taekwondo la qualificazione non \u00e8 scontata ed \u00e8 un processo molto difficile e voglio vincere tante gare, tra cui il mondiale e poi pensare a Parigi 2024&#8221;. Oltre a Dell&#8217;Aquila nel capoluogo siciliano presenti Roberto Botta, bronzo agli europei 2021 di Sofia, e Simone Alessio, campione del mondo a Manchester 2019. Quest&#8217;ultimo in Giappone \u00e8 arrivato ai quarti di finale: &#8220;Non ho ancora digerito la sconfitta ai quarti di finale di Tokyo &#8211; ha dichiarato Alessio -. Ripensandoci la qualifica \u00e8 stata molto bella e liberatoria dopo un anno particolare, andando a Tokyo ero partito con tanti sogni e voglia di fare bene, ma ho fatto bene a met\u00e0. Il rammarico \u00e8 tanto, ma credo che sia una lezione che mi servir\u00e0 nel futuro. Il mio obiettivo di Parigi sar\u00e0 conquistare tutto quello che ho perso a Tokyo. Voglio vincere&#8221;. Orgoglioso delle prestazioni degli azzurri e dello spirito col quale si stanno preparando ai prossimi impegni anche il presidente della FITA, Angelo Cito: &#8220;Ripetersi a Parigi sar\u00e0 complicato, non bisogner\u00e0 sottovalutare nulla. Il taekwondo italiano ha sempre dato risultati importanti e cercheremo di fare lo stesso a Parigi, consapevoli che la sfida \u00e8 sempre pi\u00f9 difficile perch\u00e8 quando si vince si ha una maggior responsabilit\u00e0&#8221;. <br \/>(ITALPRESS).<\/div>\n<div id=\"div-gpt-ad-Messinaoggi.it-DSK-300x250-corpoart\" style=\"text-align:center;margin:0 auto;\"><\/div><\/p><div id=\"videoincontent\" style=\"clear:both\";><\/div>","protected":false},"excerpt":{"rendered":"<p>PALERMO (ITALPRESS) &#8211; &#8220;Quando ho capito che potevo vincere l&#8217;oro? L&#8217;ho realizzato subito, anche se la mia faccia incredula alla fine dell&#8217;incontro non lo dimostrava&#8221;. Vito Dell&#8217;Aquila \u00e8 entrato nella storia del taekwondo italiano conquistando il primo oro azzurro in questa disciplina alle Olimpiadi di Tokyo2020. Un successo straordinario:&#8221;Lo sognavo da tanto tempo e ci [&hellip;]<\/p>\n","protected":false},"author":18,"featured_media":83924,"comment_status":"closed","ping_status":"closed","sticky":false,"template":"","format":"standard","meta":{"ub_ctt_via":"","_mi_skip_tracking":false},"categories":[446],"tags":[783],"featured_image_src":"https:\/\/www.messinaoggi.it\/website\/wp-content\/uploads\/2021\/10\/20211017_1315.jpg","author_info":{"display_name":"Admin","author_link":"https:\/\/www.messinaoggi.it\/website\/author\/admin\/"},"digistream_id":0,"digistream":false,"_links":{"self":[{"href":"https:\/\/www.messinaoggi.it\/website\/wp-json\/wp\/v2\/posts\/83923"}],"collection":[{"href":"https:\/\/www.messinaoggi.it\/website\/wp-json\/wp\/v2\/posts"}],"about":[{"href":"https:\/\/www.messinaoggi.it\/website\/wp-json\/wp\/v2\/types\/post"}],"author":[{"embeddable":true,"href":"https:\/\/www.messinaoggi.it\/website\/wp-json\/wp\/v2\/users\/18"}],"replies":[{"embeddable":true,"href":"https:\/\/www.messinaoggi.it\/website\/wp-json\/wp\/v2\/comments?post=83923"}],"version-history":[{"count":0,"href":"https:\/\/www.messinaoggi.it\/website\/wp-json\/wp\/v2\/posts\/83923\/revisions"}],"wp:featuredmedia":[{"embeddable":true,"href":"https:\/\/www.messinaoggi.it\/website\/wp-json\/wp\/v2\/media\/83924"}],"wp:attachment":[{"href":"https:\/\/www.messinaoggi.it\/website\/wp-json\/wp\/v2\/media?parent=83923"}],"wp:term":[{"taxonomy":"category","embeddable":true,"href":"https:\/\/www.messinaoggi.it\/website\/wp-json\/wp\/v2\/categories?post=83923"},{"taxonomy":"post_tag","embeddable":true,"href":"https:\/\/www.messinaoggi.it\/website\/wp-json\/wp\/v2\/tags?post=83923"}],"curies":[{"name":"wp","href":"https:\/\/api.w.org\/{rel}","templated":true}]}}