{"id":83871,"date":"2021-10-16T21:17:11","date_gmt":"2021-10-16T19:17:11","guid":{"rendered":"http:\/\/www.messinaoggi.it\/website\/?p=83871"},"modified":"2021-10-16T21:17:12","modified_gmt":"2021-10-16T19:17:12","slug":"assalto-alla-cgil-anche-uil-messina-a-roma-per-dire-no-al-fascismo","status":"publish","type":"post","link":"https:\/\/www.messinaoggi.it\/website\/2021\/10\/16\/assalto-alla-cgil-anche-uil-messina-a-roma-per-dire-no-al-fascismo\/","title":{"rendered":"Assalto alla Cgil, anche Uil Messina a Roma per dire no al fascismo"},"content":{"rendered":"\n<p>Decine di migliaia di donne e uomini hanno pacificamente invaso piazza San Giovanni, a Roma, luogo simbolo delle grandi manifestazioni del mondo del lavoro, per dire \u201cMai pi\u00f9 fascismi\u201d. \u00c8 stata la risposta ferma e democratica di Cgil, Cisl e Uil contro il grave rigurgito squadrista e fascista culminato con l\u2019assalto alla sede della Cgil della scorsa settimana.<div id=\"div-gpt-ad-Messinaoggi.it-DSK-300x250-corpoart\" style=\"text-align:center;margin:0 auto;\"><\/div><\/p>\n\n\n\n<p>L\u2019odierna marea umana rappresenta un punto fermo a difesa della democrazia, dei valori costituzionali, del mondo del lavoro e del sindacato confederale. Anche la Uil di Messina ha partecipato in massa a questa splendida giornata che ha evidenziato, ancora una volta, la fortissima capacit\u00e0 di mobilitazione del sindacato.<div id=\"videoincontent\" style=\"clear:both\";><\/div><\/p>\n\n\n\n<p>La manifestazione \u00e8 anche servita per mettere al centro dell\u2019agenda politica, come ha detto nel comizio il leader della Uil PierPaolo Bombardieri, la necessit\u00e0 di interventi, non pi\u00f9 rinviabili, per dare risposte alla fame di lavoro, al tema della sicurezza sul lavoro per fermare l\u2019ignobile mattanza dei morti sul lavoro, ai troppi diritti negati, alla necessit\u00e0 di avere i contratti in ogni settore ed un lavoro non pi\u00f9 precario con una particolare attenzione alle pesanti difficolt\u00e0 dei giovani, dei pensionati e del Mezzogiorno.<\/p>\n\n\n\n<p>\u201cIn questo quadro, anche a Messina, saremo in prima linea e non arretreremo di un millimetro per portare avanti la nostra azione quotidiana a difesa della democrazia, contro i fascismi e per il lavoro che \u00e8 dignit\u00e0 e libert\u00e0 di tutte le donne e tutti gli uomini\u201d, ha dichiarato Ivan Tripodi, segretario generale della Uil Messina, a margine della grande manifestazione di Piazza San Giovanni.<\/p>\n","protected":false},"excerpt":{"rendered":"<p>Decine di migliaia di donne e uomini hanno pacificamente invaso piazza San Giovanni, a Roma, luogo simbolo delle grandi manifestazioni del mondo del lavoro, per dire \u201cMai pi\u00f9 fascismi\u201d. \u00c8 stata la risposta ferma e democratica di Cgil, Cisl e Uil contro il grave rigurgito squadrista e fascista culminato con l\u2019assalto alla sede della Cgil [&hellip;]<\/p>\n","protected":false},"author":8,"featured_media":83872,"comment_status":"open","ping_status":"open","sticky":false,"template":"","format":"standard","meta":{"ub_ctt_via":"","_mi_skip_tracking":false},"categories":[5],"tags":[967,3206,1338],"featured_image_src":"https:\/\/www.messinaoggi.it\/website\/wp-content\/uploads\/2021\/10\/uil.jpg","author_info":{"display_name":"red..me","author_link":"https:\/\/www.messinaoggi.it\/website\/author\/redstage\/"},"digistream_id":0,"digistream":false,"_links":{"self":[{"href":"https:\/\/www.messinaoggi.it\/website\/wp-json\/wp\/v2\/posts\/83871"}],"collection":[{"href":"https:\/\/www.messinaoggi.it\/website\/wp-json\/wp\/v2\/posts"}],"about":[{"href":"https:\/\/www.messinaoggi.it\/website\/wp-json\/wp\/v2\/types\/post"}],"author":[{"embeddable":true,"href":"https:\/\/www.messinaoggi.it\/website\/wp-json\/wp\/v2\/users\/8"}],"replies":[{"embeddable":true,"href":"https:\/\/www.messinaoggi.it\/website\/wp-json\/wp\/v2\/comments?post=83871"}],"version-history":[{"count":1,"href":"https:\/\/www.messinaoggi.it\/website\/wp-json\/wp\/v2\/posts\/83871\/revisions"}],"predecessor-version":[{"id":83873,"href":"https:\/\/www.messinaoggi.it\/website\/wp-json\/wp\/v2\/posts\/83871\/revisions\/83873"}],"wp:featuredmedia":[{"embeddable":true,"href":"https:\/\/www.messinaoggi.it\/website\/wp-json\/wp\/v2\/media\/83872"}],"wp:attachment":[{"href":"https:\/\/www.messinaoggi.it\/website\/wp-json\/wp\/v2\/media?parent=83871"}],"wp:term":[{"taxonomy":"category","embeddable":true,"href":"https:\/\/www.messinaoggi.it\/website\/wp-json\/wp\/v2\/categories?post=83871"},{"taxonomy":"post_tag","embeddable":true,"href":"https:\/\/www.messinaoggi.it\/website\/wp-json\/wp\/v2\/tags?post=83871"}],"curies":[{"name":"wp","href":"https:\/\/api.w.org\/{rel}","templated":true}]}}