{"id":83855,"date":"2021-10-16T18:07:35","date_gmt":"2021-10-16T16:07:35","guid":{"rendered":"https:\/\/www.messinaoggi.it\/website\/2021\/10\/16\/furstenberg-fassio-banca-ifis-la-bellezza-risorsa-per-la-ripresa\/"},"modified":"2021-10-16T18:07:35","modified_gmt":"2021-10-16T16:07:35","slug":"furstenberg-fassio-banca-ifis-la-bellezza-risorsa-per-la-ripresa","status":"publish","type":"post","link":"https:\/\/www.messinaoggi.it\/website\/2021\/10\/16\/furstenberg-fassio-banca-ifis-la-bellezza-risorsa-per-la-ripresa\/","title":{"rendered":"Furstenberg Fassio (Banca Ifis) \u201cLa bellezza risorsa per la ripresa\u201d"},"content":{"rendered":"<div>ROMA (ITALPRESS) &#8211; &#8220;La bellezza rappresenta una vera e propria risorsa strategica per progettare il futuro in modo sostenibile e collaborativo, una risorsa strategica fatta di progetti e processi, ma anche di responsabilit\u00e0 e di solidariet\u00e0&#8221;: lo ha dichiarato Ernesto Furstenberg Fassio, vicepresidente di Banca Ifis, nel corso dell&#8217;evento Ripartire dalla Bellezza, in corso a Citt\u00e0 della Pieve, in cui i ministri Garavaglia e Giorgetti, insieme a Banca Ifis, Federturismo ed Enit, si sono riuniti per parlare di ripresa economica attraverso il sistema culturale e paesaggistico nazionale, che lo studio della Banca &#8220;L&#8217;economia della Bellezza&#8221; ha stimato impattare sul PIL per il 17%.<br \/>&#8220;Nel 2021, infatti, l&#8217;Italia \u00e8 prima nella classifica mondiale &#8220;Culture &amp; Heritage&#8221; per il valore del suo patrimonio storico culturale. Al di l\u00e0 del ranking internazionale, trattare con poca attenzione questo sistema avrebbe un impatto negativo &#8211; non solo economico &#8211; ma anche &#8211; e soprattutto &#8211; sociale. La matrice &#8220;S&#8221; degli ESG rappresenta infatti uno dei tre pilastri che orienta sempre di pi\u00f9 le attivit\u00e0 delle banche. In banca IFIS abbiamo una componente di questo cluster che \u00e8 incentrata sul business e su tutta l&#8217;attivit\u00e0 che la nostra banca pone in essere con una puntuale funzione e specifici meccanismi&#8221;, ha proseguito Furstenberg. <br \/>Il progetto &#8220;Economia della Bellezza&#8221; rientra all&#8217;interno di &#8220;iniziative non solo connesse al business ma che hanno una forte componente innovativa capace di progettare nuove iniziative e di migliorare l&#8217;efficienza dei sistemi. In quest&#8217;ottica dunque \u00e8 evidente come &#8220;L&#8217;economia della Bellezza&#8221; sia un modello sul quale dobbiamo puntare anche come strumento di analisi replicabile a nuove aree e mercati&#8221;, ha concluso Furstenberg Fassio.<br \/>(ITALPRESS).<\/div>\n<div id=\"div-gpt-ad-Messinaoggi.it-DSK-300x250-corpoart\" style=\"text-align:center;margin:0 auto;\"><\/div><\/p><div id=\"videoincontent\" style=\"clear:both\";><\/div>","protected":false},"excerpt":{"rendered":"<p>ROMA (ITALPRESS) &#8211; &#8220;La bellezza rappresenta una vera e propria risorsa strategica per progettare il futuro in modo sostenibile e collaborativo, una risorsa strategica fatta di progetti e processi, ma anche di responsabilit\u00e0 e di solidariet\u00e0&#8221;: lo ha dichiarato Ernesto Furstenberg Fassio, vicepresidente di Banca Ifis, nel corso dell&#8217;evento Ripartire dalla Bellezza, in corso a [&hellip;]<\/p>\n","protected":false},"author":18,"featured_media":83856,"comment_status":"closed","ping_status":"closed","sticky":false,"template":"","format":"standard","meta":{"ub_ctt_via":"","_mi_skip_tracking":false},"categories":[446],"tags":[783],"featured_image_src":"https:\/\/www.messinaoggi.it\/website\/wp-content\/uploads\/2021\/10\/20211016_1638.jpg","author_info":{"display_name":"Admin","author_link":"https:\/\/www.messinaoggi.it\/website\/author\/admin\/"},"digistream_id":0,"digistream":false,"_links":{"self":[{"href":"https:\/\/www.messinaoggi.it\/website\/wp-json\/wp\/v2\/posts\/83855"}],"collection":[{"href":"https:\/\/www.messinaoggi.it\/website\/wp-json\/wp\/v2\/posts"}],"about":[{"href":"https:\/\/www.messinaoggi.it\/website\/wp-json\/wp\/v2\/types\/post"}],"author":[{"embeddable":true,"href":"https:\/\/www.messinaoggi.it\/website\/wp-json\/wp\/v2\/users\/18"}],"replies":[{"embeddable":true,"href":"https:\/\/www.messinaoggi.it\/website\/wp-json\/wp\/v2\/comments?post=83855"}],"version-history":[{"count":0,"href":"https:\/\/www.messinaoggi.it\/website\/wp-json\/wp\/v2\/posts\/83855\/revisions"}],"wp:featuredmedia":[{"embeddable":true,"href":"https:\/\/www.messinaoggi.it\/website\/wp-json\/wp\/v2\/media\/83856"}],"wp:attachment":[{"href":"https:\/\/www.messinaoggi.it\/website\/wp-json\/wp\/v2\/media?parent=83855"}],"wp:term":[{"taxonomy":"category","embeddable":true,"href":"https:\/\/www.messinaoggi.it\/website\/wp-json\/wp\/v2\/categories?post=83855"},{"taxonomy":"post_tag","embeddable":true,"href":"https:\/\/www.messinaoggi.it\/website\/wp-json\/wp\/v2\/tags?post=83855"}],"curies":[{"name":"wp","href":"https:\/\/api.w.org\/{rel}","templated":true}]}}