{"id":83843,"date":"2021-10-16T17:07:32","date_gmt":"2021-10-16T15:07:32","guid":{"rendered":"https:\/\/www.messinaoggi.it\/website\/2021\/10\/16\/papa-salario-universale-e-riduzione-dellorario-per-superare-la-crisi\/"},"modified":"2021-10-16T17:07:32","modified_gmt":"2021-10-16T15:07:32","slug":"papa-salario-universale-e-riduzione-dellorario-per-superare-la-crisi","status":"publish","type":"post","link":"https:\/\/www.messinaoggi.it\/website\/2021\/10\/16\/papa-salario-universale-e-riduzione-dellorario-per-superare-la-crisi\/","title":{"rendered":"Papa \u201cSalario universale e riduzione dell\u2019orario per superare la crisi\u201d"},"content":{"rendered":"<div>ROMA (ITALPRESS) &#8211; &#8220;Salario universale e riduzione della giornata lavorativa&#8221;. Queste sono le due &#8220;misure concrete&#8221; che Papa Francesco propone per superare la crisi economico sociale che si \u00e8 aggravata con la pandemia. Per il Santo Padre &#8220;ha fatto vedere le disuguaglianze sociali che colpiscono i nostri popoli e ha esposto &#8211; senza chiedere permesso n\u00e8 scusa &#8211; la straziante situazione di tanti fratelli e sorelle, quella situazione che tanti meccanismi di post-verit\u00e0 non hanno potuto occultare&#8221; dice Papa Bergoglio in un videomessaggio in spagnolo inviato ai partecipanti alla seconda Sessione del quarto Incontro Mondiale dei Movimenti Popolari che si svolge online. Non si pu\u00f2 &#8220;ritornare agli schemi precedenti&#8221; perch\u00e8 &#8220;sarebbe davvero suicida e, se mi consentite di forzare un p\u00f2 le parole, ecocida e genocida&#8221;. Francesco dice di non avere la risposta per risolvere il problema &#8220;Perci\u00f2 dobbiamo sognare insieme e trovarla insieme&#8221;. Ma &#8220;Ci sono misure concrete che forse possono permettere qualche cambiamento significativo&#8221;.<br \/>\n(ITALPRESS).<\/div>\n<div id=\"div-gpt-ad-Messinaoggi.it-DSK-300x250-corpoart\" style=\"text-align:center;margin:0 auto;\"><\/div><\/p><div id=\"videoincontent\" style=\"clear:both\";><\/div>","protected":false},"excerpt":{"rendered":"<p>ROMA (ITALPRESS) &#8211; &#8220;Salario universale e riduzione della giornata lavorativa&#8221;. Queste sono le due &#8220;misure concrete&#8221; che Papa Francesco propone per superare la crisi economico sociale che si \u00e8 aggravata con la pandemia. Per il Santo Padre &#8220;ha fatto vedere le disuguaglianze sociali che colpiscono i nostri popoli e ha esposto &#8211; senza chiedere permesso [&hellip;]<\/p>\n","protected":false},"author":18,"featured_media":83844,"comment_status":"closed","ping_status":"closed","sticky":false,"template":"","format":"standard","meta":{"ub_ctt_via":"","_mi_skip_tracking":false},"categories":[446],"tags":[783],"featured_image_src":"https:\/\/www.messinaoggi.it\/website\/wp-content\/uploads\/2021\/10\/20211016_1383.jpg","author_info":{"display_name":"Admin","author_link":"https:\/\/www.messinaoggi.it\/website\/author\/admin\/"},"digistream_id":0,"digistream":false,"_links":{"self":[{"href":"https:\/\/www.messinaoggi.it\/website\/wp-json\/wp\/v2\/posts\/83843"}],"collection":[{"href":"https:\/\/www.messinaoggi.it\/website\/wp-json\/wp\/v2\/posts"}],"about":[{"href":"https:\/\/www.messinaoggi.it\/website\/wp-json\/wp\/v2\/types\/post"}],"author":[{"embeddable":true,"href":"https:\/\/www.messinaoggi.it\/website\/wp-json\/wp\/v2\/users\/18"}],"replies":[{"embeddable":true,"href":"https:\/\/www.messinaoggi.it\/website\/wp-json\/wp\/v2\/comments?post=83843"}],"version-history":[{"count":0,"href":"https:\/\/www.messinaoggi.it\/website\/wp-json\/wp\/v2\/posts\/83843\/revisions"}],"wp:featuredmedia":[{"embeddable":true,"href":"https:\/\/www.messinaoggi.it\/website\/wp-json\/wp\/v2\/media\/83844"}],"wp:attachment":[{"href":"https:\/\/www.messinaoggi.it\/website\/wp-json\/wp\/v2\/media?parent=83843"}],"wp:term":[{"taxonomy":"category","embeddable":true,"href":"https:\/\/www.messinaoggi.it\/website\/wp-json\/wp\/v2\/categories?post=83843"},{"taxonomy":"post_tag","embeddable":true,"href":"https:\/\/www.messinaoggi.it\/website\/wp-json\/wp\/v2\/tags?post=83843"}],"curies":[{"name":"wp","href":"https:\/\/api.w.org\/{rel}","templated":true}]}}