{"id":83808,"date":"2021-10-16T12:07:38","date_gmt":"2021-10-16T10:07:38","guid":{"rendered":"https:\/\/www.messinaoggi.it\/website\/2021\/10\/16\/lecosostenibilita-secondo-raul-gardini-nel-libretto-verde-di-michetti\/"},"modified":"2021-10-16T12:07:38","modified_gmt":"2021-10-16T10:07:38","slug":"lecosostenibilita-secondo-raul-gardini-nel-libretto-verde-di-michetti","status":"publish","type":"post","link":"https:\/\/www.messinaoggi.it\/website\/2021\/10\/16\/lecosostenibilita-secondo-raul-gardini-nel-libretto-verde-di-michetti\/","title":{"rendered":"L\u2019ecosostenibilit\u00e0 secondo Raul Gardini nel \u201cLibretto Verde\u201d di Michetti"},"content":{"rendered":"<div>RAVENNA (ITALPRESS) &#8211; Roberto Michetti, storico dirigente della Ferruzzi rimasto vicino a Gardini fino alla fine, ha presentato &#8220;Il libretto verde di Gardini&#8221; (Italo Svevo edizioni). Di fronte alla rilevanza strategica assunta dai temi ambientali, \u00e8 doveroso per Michetti, fare nuove considerazioni sulla figura dell&#8217;imprenditore. &#8220;Quest&#8217;anno sono successe due cose &#8211; dice  l&#8217;autore &#8211; che mi hanno indotto a scrivere questi personali ricordi nella pausa di riflessione imposta dal covid. La prima \u00e8 un&#8217;intensa e bella campagna di comunicazione e pubblicit\u00e0 dell&#8217;Eni che esplicita il nuovo corso strategico del gruppo petrolchimico. Chiunque pu\u00f2 costatare che \u00e8 tutta basata sulla chimica verde e sembra scritta da Raul Gardini. Proprio da lui che pi\u00f9 di 30 anni fa era stato sconfitto dall&#8217;Eni nella battaglia dell&#8217;etanolo! Non voglio fare polemiche del tutto inattuali e inutili, ma solo sottolineare la piena validit\u00e0 delle visioni di Gardini non solo sull&#8217;etanolo ma sulla ecosostenibilit\u00e0&#8230; La seconda \u00e8 l&#8217;uscita di un libro intitolato &#8216;L&#8217;uomo che invent\u00f2 la bio economi\u00e0 di Mario Bonaccorso, Edizioni Ambiente. Si tratta di un serio studio su Raul Gardini e la nascita della chimica verde. Qualcosa \u00e8 cambiato per Raul Gardini?&#8221;.<br \/>&#8220;A 27 anni dalla morte di Raul Gardini nessun serio esame, anche critico, della sua figura \u00e8 stato effettuato&#8221; ed invece \u00e8 necessario e doveroso farlo per Michetti che scrive: &#8220;Per me questi ricordi sono un ringraziamento a un grande imprenditore che ha aperto grandi orizzonti che purtroppo non ha potuto percorrere appieno. Questi orizzonti sono oggi realt\u00e0 in tutto il mondo. Mi riferisco alla rivoluzione verde&#8221;. Ed in effetti il libro \u00e8 una commovente carrellata di ricordi che diventa ricostruzione della visione dell&#8217;imprenditore, testimonianza preziosa dell&#8217;epoca e anche possibilit\u00e0 di leggere scritti autografi di Raul Gardini.<br \/>(ITALPRESS).<\/div>\n<div id=\"div-gpt-ad-Messinaoggi.it-DSK-300x250-corpoart\" style=\"text-align:center;margin:0 auto;\"><\/div><\/p><div id=\"videoincontent\" style=\"clear:both\";><\/div>","protected":false},"excerpt":{"rendered":"<p>RAVENNA (ITALPRESS) &#8211; Roberto Michetti, storico dirigente della Ferruzzi rimasto vicino a Gardini fino alla fine, ha presentato &#8220;Il libretto verde di Gardini&#8221; (Italo Svevo edizioni). Di fronte alla rilevanza strategica assunta dai temi ambientali, \u00e8 doveroso per Michetti, fare nuove considerazioni sulla figura dell&#8217;imprenditore. &#8220;Quest&#8217;anno sono successe due cose &#8211; dice l&#8217;autore &#8211; che [&hellip;]<\/p>\n","protected":false},"author":18,"featured_media":83809,"comment_status":"closed","ping_status":"closed","sticky":false,"template":"","format":"standard","meta":{"ub_ctt_via":"","_mi_skip_tracking":false},"categories":[446],"tags":[783],"featured_image_src":"https:\/\/www.messinaoggi.it\/website\/wp-content\/uploads\/2021\/10\/20211016_0502.jpg","author_info":{"display_name":"Admin","author_link":"https:\/\/www.messinaoggi.it\/website\/author\/admin\/"},"digistream_id":0,"digistream":false,"_links":{"self":[{"href":"https:\/\/www.messinaoggi.it\/website\/wp-json\/wp\/v2\/posts\/83808"}],"collection":[{"href":"https:\/\/www.messinaoggi.it\/website\/wp-json\/wp\/v2\/posts"}],"about":[{"href":"https:\/\/www.messinaoggi.it\/website\/wp-json\/wp\/v2\/types\/post"}],"author":[{"embeddable":true,"href":"https:\/\/www.messinaoggi.it\/website\/wp-json\/wp\/v2\/users\/18"}],"replies":[{"embeddable":true,"href":"https:\/\/www.messinaoggi.it\/website\/wp-json\/wp\/v2\/comments?post=83808"}],"version-history":[{"count":0,"href":"https:\/\/www.messinaoggi.it\/website\/wp-json\/wp\/v2\/posts\/83808\/revisions"}],"wp:featuredmedia":[{"embeddable":true,"href":"https:\/\/www.messinaoggi.it\/website\/wp-json\/wp\/v2\/media\/83809"}],"wp:attachment":[{"href":"https:\/\/www.messinaoggi.it\/website\/wp-json\/wp\/v2\/media?parent=83808"}],"wp:term":[{"taxonomy":"category","embeddable":true,"href":"https:\/\/www.messinaoggi.it\/website\/wp-json\/wp\/v2\/categories?post=83808"},{"taxonomy":"post_tag","embeddable":true,"href":"https:\/\/www.messinaoggi.it\/website\/wp-json\/wp\/v2\/tags?post=83808"}],"curies":[{"name":"wp","href":"https:\/\/api.w.org\/{rel}","templated":true}]}}