{"id":83802,"date":"2021-10-16T09:07:33","date_gmt":"2021-10-16T07:07:33","guid":{"rendered":"https:\/\/www.messinaoggi.it\/website\/2021\/10\/16\/green-pass-letta-gli-italiani-vogliono-lavorare-andare-avanti\/"},"modified":"2021-10-16T09:07:33","modified_gmt":"2021-10-16T07:07:33","slug":"green-pass-letta-gli-italiani-vogliono-lavorare-andare-avanti","status":"publish","type":"post","link":"https:\/\/www.messinaoggi.it\/website\/2021\/10\/16\/green-pass-letta-gli-italiani-vogliono-lavorare-andare-avanti\/","title":{"rendered":"Green Pass, Letta \u201cGli italiani vogliono lavorare, andare avanti\u201d"},"content":{"rendered":"<div>ROMA (ITALPRESS) &#8211; &#8220;Ero sicuro che la notizia di oggi sarebbe stata che gli italiani vogliono lavorare. Ne ero certo sia per le esperienze precedenti, penso al paventato blocco dei trasporti di un mese e mezzo fa che poi non c&#8217;\u00e8 stato; sia perch\u00e8 &#8211; e questa giornata lo dimostra &#8211; la stragrande maggioranza dei cittadini intende andare avanti, lasciarsi alle spalle la pandemia e non farsi bloccare da un incomprensibile atteggiamento sfascista&#8221;. Cos\u00ec Enrico Letta, segretario del Partito Democratico in una intervista su &#8220;La Repubblica&#8221; che aggiunge che la linea di fermezza del governo Draghi stia pagando: &#8220;Restiamo convinti che il Green Pass sia la chiave per la ripartenza del Paese. Basta parlare con i ristoratori che pure all&#8217;inizio avevano dubbi: i locali sono tornati a riempirsi &#8211; cos\u00ec come i cinema, i teatri, gli stadi &#8211; proprio perch\u00e8 c&#8217;\u00e8 il passaporto verde. E&#8217; scattato il meccanismo per cui sicurezza fa rima con libert\u00e0, senza la prima non c&#8217;\u00e8 la seconda. Ho sempre pensato che fosse la linea giusta e oggi se ne raccolgono i frutti&#8221;. <br \/>(ITALPRESS).<\/div>\n<div id=\"div-gpt-ad-Messinaoggi.it-DSK-300x250-corpoart\" style=\"text-align:center;margin:0 auto;\"><\/div><\/p><div id=\"videoincontent\" style=\"clear:both\";><\/div>","protected":false},"excerpt":{"rendered":"<p>ROMA (ITALPRESS) &#8211; &#8220;Ero sicuro che la notizia di oggi sarebbe stata che gli italiani vogliono lavorare. Ne ero certo sia per le esperienze precedenti, penso al paventato blocco dei trasporti di un mese e mezzo fa che poi non c&#8217;\u00e8 stato; sia perch\u00e8 &#8211; e questa giornata lo dimostra &#8211; la stragrande maggioranza dei [&hellip;]<\/p>\n","protected":false},"author":18,"featured_media":83803,"comment_status":"closed","ping_status":"closed","sticky":false,"template":"","format":"standard","meta":{"ub_ctt_via":"","_mi_skip_tracking":false},"categories":[446],"tags":[783],"featured_image_src":"https:\/\/www.messinaoggi.it\/website\/wp-content\/uploads\/2021\/10\/20211016_0112.jpg","author_info":{"display_name":"Admin","author_link":"https:\/\/www.messinaoggi.it\/website\/author\/admin\/"},"digistream_id":0,"digistream":false,"_links":{"self":[{"href":"https:\/\/www.messinaoggi.it\/website\/wp-json\/wp\/v2\/posts\/83802"}],"collection":[{"href":"https:\/\/www.messinaoggi.it\/website\/wp-json\/wp\/v2\/posts"}],"about":[{"href":"https:\/\/www.messinaoggi.it\/website\/wp-json\/wp\/v2\/types\/post"}],"author":[{"embeddable":true,"href":"https:\/\/www.messinaoggi.it\/website\/wp-json\/wp\/v2\/users\/18"}],"replies":[{"embeddable":true,"href":"https:\/\/www.messinaoggi.it\/website\/wp-json\/wp\/v2\/comments?post=83802"}],"version-history":[{"count":0,"href":"https:\/\/www.messinaoggi.it\/website\/wp-json\/wp\/v2\/posts\/83802\/revisions"}],"wp:featuredmedia":[{"embeddable":true,"href":"https:\/\/www.messinaoggi.it\/website\/wp-json\/wp\/v2\/media\/83803"}],"wp:attachment":[{"href":"https:\/\/www.messinaoggi.it\/website\/wp-json\/wp\/v2\/media?parent=83802"}],"wp:term":[{"taxonomy":"category","embeddable":true,"href":"https:\/\/www.messinaoggi.it\/website\/wp-json\/wp\/v2\/categories?post=83802"},{"taxonomy":"post_tag","embeddable":true,"href":"https:\/\/www.messinaoggi.it\/website\/wp-json\/wp\/v2\/tags?post=83802"}],"curies":[{"name":"wp","href":"https:\/\/api.w.org\/{rel}","templated":true}]}}