{"id":83777,"date":"2021-10-15T21:07:31","date_gmt":"2021-10-15T19:07:31","guid":{"rendered":"https:\/\/www.messinaoggi.it\/website\/2021\/10\/15\/appello-ghirelli-sospendere-versamenti-fiscali-e-contributivi-club\/"},"modified":"2021-10-15T21:07:31","modified_gmt":"2021-10-15T19:07:31","slug":"appello-ghirelli-sospendere-versamenti-fiscali-e-contributivi-club","status":"publish","type":"post","link":"https:\/\/www.messinaoggi.it\/website\/2021\/10\/15\/appello-ghirelli-sospendere-versamenti-fiscali-e-contributivi-club\/","title":{"rendered":"Appello Ghirelli \u201cSospendere versamenti fiscali e contributivi club\u201d"},"content":{"rendered":"<div>FIRENZE (ITALPRESS) &#8211; &#8220;Riconoscere alle societ\u00e0 sportive la sospensione e la rateizzazione dei versamenti fiscali e contributivi \u00e8 fondamentale per non aggravare una situazione gi\u00e0 molto complicata, mi riferisco in particolare modo alle societ\u00e0 della Serie C, le pi\u00f9 colpite tra le professionistiche dalla crisi pandemica&#8221;. Il presidente della Lega Pro, Francesco Ghirelli, interviene sul decreto fiscale varato oggi in Cdm che avrebbe dovuto contenere, gi\u00e0 nel testo base, una norma che avrebbe permesso alle societ\u00e0 sportive di posticipare le scadenze fiscali e contributive, recuperandole pi\u00f9 avanti sotto forma di rateizzazione. &#8220;Si tratta di un provvedimento ampiamente discusso e condiviso con il sottosegretario Vezzali, che permetterebbe agli imprenditori proprietari dei club di dedicarsi con maggiore serenit\u00e0 alle proprie imprese. Le scadenze, che pendono come spade di Damocle, mi preoccupano molto, non ci sono pi\u00f9 finanze disponibili. Da parte nostra, continueremo a lavorare perch\u00e8 il provvedimento possa essere recuperato in sede di conversione del decreto, per questo c&#8217;\u00e8 bisogno del pi\u00f9 ampio sostegno parlamentare&#8221;, conclude Ghirelli.<br \/>(ITALPRESS).<\/div>\n<div id=\"div-gpt-ad-Messinaoggi.it-DSK-300x250-corpoart\" style=\"text-align:center;margin:0 auto;\"><\/div><\/p><div id=\"videoincontent\" style=\"clear:both\";><\/div>","protected":false},"excerpt":{"rendered":"<p>FIRENZE (ITALPRESS) &#8211; &#8220;Riconoscere alle societ\u00e0 sportive la sospensione e la rateizzazione dei versamenti fiscali e contributivi \u00e8 fondamentale per non aggravare una situazione gi\u00e0 molto complicata, mi riferisco in particolare modo alle societ\u00e0 della Serie C, le pi\u00f9 colpite tra le professionistiche dalla crisi pandemica&#8221;. Il presidente della Lega Pro, Francesco Ghirelli, interviene sul [&hellip;]<\/p>\n","protected":false},"author":18,"featured_media":83778,"comment_status":"closed","ping_status":"closed","sticky":false,"template":"","format":"standard","meta":{"ub_ctt_via":"","_mi_skip_tracking":false},"categories":[446],"tags":[783],"featured_image_src":"https:\/\/www.messinaoggi.it\/website\/wp-content\/uploads\/2021\/10\/20211015_2637.jpg","author_info":{"display_name":"Admin","author_link":"https:\/\/www.messinaoggi.it\/website\/author\/admin\/"},"digistream_id":0,"digistream":false,"_links":{"self":[{"href":"https:\/\/www.messinaoggi.it\/website\/wp-json\/wp\/v2\/posts\/83777"}],"collection":[{"href":"https:\/\/www.messinaoggi.it\/website\/wp-json\/wp\/v2\/posts"}],"about":[{"href":"https:\/\/www.messinaoggi.it\/website\/wp-json\/wp\/v2\/types\/post"}],"author":[{"embeddable":true,"href":"https:\/\/www.messinaoggi.it\/website\/wp-json\/wp\/v2\/users\/18"}],"replies":[{"embeddable":true,"href":"https:\/\/www.messinaoggi.it\/website\/wp-json\/wp\/v2\/comments?post=83777"}],"version-history":[{"count":0,"href":"https:\/\/www.messinaoggi.it\/website\/wp-json\/wp\/v2\/posts\/83777\/revisions"}],"wp:featuredmedia":[{"embeddable":true,"href":"https:\/\/www.messinaoggi.it\/website\/wp-json\/wp\/v2\/media\/83778"}],"wp:attachment":[{"href":"https:\/\/www.messinaoggi.it\/website\/wp-json\/wp\/v2\/media?parent=83777"}],"wp:term":[{"taxonomy":"category","embeddable":true,"href":"https:\/\/www.messinaoggi.it\/website\/wp-json\/wp\/v2\/categories?post=83777"},{"taxonomy":"post_tag","embeddable":true,"href":"https:\/\/www.messinaoggi.it\/website\/wp-json\/wp\/v2\/tags?post=83777"}],"curies":[{"name":"wp","href":"https:\/\/api.w.org\/{rel}","templated":true}]}}