{"id":83775,"date":"2021-10-15T19:07:39","date_gmt":"2021-10-15T17:07:39","guid":{"rendered":"https:\/\/www.messinaoggi.it\/website\/2021\/10\/15\/regno-unito-deputato-ucciso-a-coltellate-in-una-chiesa\/"},"modified":"2021-10-15T19:07:39","modified_gmt":"2021-10-15T17:07:39","slug":"regno-unito-deputato-ucciso-a-coltellate-in-una-chiesa","status":"publish","type":"post","link":"https:\/\/www.messinaoggi.it\/website\/2021\/10\/15\/regno-unito-deputato-ucciso-a-coltellate-in-una-chiesa\/","title":{"rendered":"Regno Unito, deputato ucciso a coltellate in una chiesa"},"content":{"rendered":"<div>LONDRA (REGNO UNITO) (ITALPRESS) &#8211; David Amess, 69 anni, dal 1983 deputato del partito conservatore per il distretto di Southend West nell&#8217;Essex, \u00e8 stato ucciso a coltellate in una chiesa di Leigh-on-Sea. L&#8217;assalitore \u00e8 un uomo di 25 anni che \u00e8 stato messo in stato di fermo dalla polizia. A niente \u00e8 valso l&#8217;intervento dei paramedici, Amess \u00e8 deceduto mentre riceveva le prime cure del caso sul posto. Il fatto \u00e8 avvenuto intorno alle 12, ora di Londra, dato che la chiamata per i soccorsi \u00e8 arrivata alle 12:05. Sono ancora ignote le ragioni del folle gesto e al momento le forze dell&#8217;ordine non hanno escluso nessuna pista, tanto che l&#8217;unit\u00e0 antiterrorismo sta partecipando attivamente alle prime indagini.<br \/>Amess aveva incontrato la persona che lo ha poi ripetutamente pugnalato per quello che viene chiamato nel Regno Unito un &#8220;advice surgery&#8221; ovvero un incontro privato con un elettore del suo distretto, una pratica piuttosto comune per i deputati britannici, che ci tengono a mantenere un rapporto molto stretto con i loro elettori.<br \/>Una procedura che per\u00f2 si sta rivelando pericolosa. Cinque anni la deputata laburista ed europeista Jo Cox fu uccisa da un estremista di destra proprio poco prima di iniziare uno di questi meeting programmati.<br \/>Grande cordoglio nel mondo politico britannico per l&#8217;accaduto. Il vice primo ministro Dominic Raab ha ricordato il collega di partito Amess come &#8220;un politico appassionato e dal grande cuore&#8221;. Eguali messaggi sono arrivati anche in rappresentanza dello schieramento laburista, da parte del partito liberal-democratico e dal primo ministro scozzese Nicola Sturgeon. Anche gli ex premier Theresa May, John Major e Tony Blair, quest&#8217;ultimo che ricorda di &#8220;essere entrato in Parlamento nello stesso anno di David, il 1983&#8221;, hanno espresso il loro cordoglio alla famiglia. Amess lascia la moglie e cinque figli.<br \/>(ITALPRESS).<\/div>\n<div id=\"div-gpt-ad-Messinaoggi.it-DSK-300x250-corpoart\" style=\"text-align:center;margin:0 auto;\"><\/div><\/p><div id=\"videoincontent\" style=\"clear:both\";><\/div>","protected":false},"excerpt":{"rendered":"<p>LONDRA (REGNO UNITO) (ITALPRESS) &#8211; David Amess, 69 anni, dal 1983 deputato del partito conservatore per il distretto di Southend West nell&#8217;Essex, \u00e8 stato ucciso a coltellate in una chiesa di Leigh-on-Sea. L&#8217;assalitore \u00e8 un uomo di 25 anni che \u00e8 stato messo in stato di fermo dalla polizia. A niente \u00e8 valso l&#8217;intervento dei [&hellip;]<\/p>\n","protected":false},"author":18,"featured_media":83776,"comment_status":"closed","ping_status":"closed","sticky":false,"template":"","format":"standard","meta":{"ub_ctt_via":"","_mi_skip_tracking":false},"categories":[446],"tags":[783],"featured_image_src":"https:\/\/www.messinaoggi.it\/website\/wp-content\/uploads\/2021\/10\/20211015_2408.jpg","author_info":{"display_name":"Admin","author_link":"https:\/\/www.messinaoggi.it\/website\/author\/admin\/"},"digistream_id":0,"digistream":false,"_links":{"self":[{"href":"https:\/\/www.messinaoggi.it\/website\/wp-json\/wp\/v2\/posts\/83775"}],"collection":[{"href":"https:\/\/www.messinaoggi.it\/website\/wp-json\/wp\/v2\/posts"}],"about":[{"href":"https:\/\/www.messinaoggi.it\/website\/wp-json\/wp\/v2\/types\/post"}],"author":[{"embeddable":true,"href":"https:\/\/www.messinaoggi.it\/website\/wp-json\/wp\/v2\/users\/18"}],"replies":[{"embeddable":true,"href":"https:\/\/www.messinaoggi.it\/website\/wp-json\/wp\/v2\/comments?post=83775"}],"version-history":[{"count":0,"href":"https:\/\/www.messinaoggi.it\/website\/wp-json\/wp\/v2\/posts\/83775\/revisions"}],"wp:featuredmedia":[{"embeddable":true,"href":"https:\/\/www.messinaoggi.it\/website\/wp-json\/wp\/v2\/media\/83776"}],"wp:attachment":[{"href":"https:\/\/www.messinaoggi.it\/website\/wp-json\/wp\/v2\/media?parent=83775"}],"wp:term":[{"taxonomy":"category","embeddable":true,"href":"https:\/\/www.messinaoggi.it\/website\/wp-json\/wp\/v2\/categories?post=83775"},{"taxonomy":"post_tag","embeddable":true,"href":"https:\/\/www.messinaoggi.it\/website\/wp-json\/wp\/v2\/tags?post=83775"}],"curies":[{"name":"wp","href":"https:\/\/api.w.org\/{rel}","templated":true}]}}