{"id":83737,"date":"2021-10-15T18:02:31","date_gmt":"2021-10-15T16:02:31","guid":{"rendered":"https:\/\/www.messinaoggi.it\/website\/2021\/10\/15\/tumore-al-seno-edi-sicilia-presenta-manifesto-a-presidente-ars\/"},"modified":"2021-10-15T18:02:31","modified_gmt":"2021-10-15T16:02:31","slug":"tumore-al-seno-edi-sicilia-presenta-manifesto-a-presidente-ars","status":"publish","type":"post","link":"https:\/\/www.messinaoggi.it\/website\/2021\/10\/15\/tumore-al-seno-edi-sicilia-presenta-manifesto-a-presidente-ars\/","title":{"rendered":"Tumore al seno, EDI-Sicilia presenta \u201cmanifesto\u201d a Presidente Ars"},"content":{"rendered":"<div>\n<p>PALERMO (ITALPRESS) \u2013 La delegazione siciliana di Europa Donna \u00e8 stata ricevuta ieri dal Presidente dell\u2019Assemblea Regionale Siciliana, Gianfranco Miccich\u00e8, nella sua sede istituzionale, in occasione della Prima Giornata Nazionale del Tumore al Seno Metastatico che si \u00e8 celebrata il 13 ottobre. Secondo le ultime stime basate sui dati dei Registri Tumori di 8 province italiane, e presentate nell\u2019edizione speciale del TG di Europa Donna Italia diffuso ieri, nel nostro Paese sono circa 50 mila le donne che convivono con questa patologia. Se si \u00e8 arrivati a questi numeri lo dobbiamo soprattutto ai progressi delle terapie, tuttavia la quotidianit\u00e0 di queste pazienti \u00e8 ancora piena di ostacoli e la loro qualit\u00e0 di vita ancora poco considerata.<br \/>Le 7 principali necessit\u00e0 delle donne con tumore al seno metastatico sono state raccolte in un Manifesto che la referente di Europa Donna-Sicilia, Carmela Amato, ha sottoposto ieri al Presidente Miccich\u00e8. <br \/>\u201cGrazie alla ricerca oggi le prospettive di vita per chi ha una diagnosi di tumore al seno metastatico sono ulteriormente allungate \u2013 sottolinea il Presidente dell\u2019Ars, Miccich\u00e8 -. Sono stato ben felice di Incontrare la delegazione Europa Donna-Sicilia in occasione della prima Giornata di sensibilizzazione alla malattia rendendomi disponibile, nell\u2019ambito delle nostre possibilit\u00e0, a collaborare per aiutare l\u2019associazione. La prevenzione rimane una importante arma per combattere questa malattia ed \u00e8 su questo che bisogna puntare\u201d.<br \/>Europa Donna Italia, movimento di advocacy che raccoglie una rete di oltre 170 associazioni territoriali, da oltre 25 anni \u00e8 in prima linea per tutelare i diritti delle donne colpite da tumore al seno, impegnandosi in azioni di sensibilizzazione e di dialogo con le Istituzioni nazionali e regionali.<br \/>La Delegazione Siciliana del movimento, coordinata da Carmela Amato, comprende 10 associazioni: aBRCAdaBRA (Palermo), Ados Gela, Altea (Ragusa), Angolo (Siracusa), Il filo della vita (Catania), Per te donna (Messina), Progetto Luna (Caltanissetta), Associazione Serena a Palermo, Sicilia Donna (Avola), SOS Donna (Catania).<br \/>(ITALPRESS).<div id=\"div-gpt-ad-Messinaoggi.it-DSK-300x250-corpoart\" style=\"text-align:center;margin:0 auto;\"><\/div><\/p>\n<\/div>\n<div id=\"videoincontent\" style=\"clear:both\";><\/div>","protected":false},"excerpt":{"rendered":"<p>PALERMO (ITALPRESS) \u2013 La delegazione siciliana di Europa Donna \u00e8 stata ricevuta ieri dal Presidente dell\u2019Assemblea Regionale Siciliana, Gianfranco Miccich\u00e8, nella sua sede istituzionale, in occasione della Prima Giornata Nazionale del Tumore al Seno Metastatico che si \u00e8 celebrata il 13 ottobre. Secondo le ultime stime basate sui dati dei Registri Tumori di 8 province [&hellip;]<\/p>\n","protected":false},"author":18,"featured_media":83738,"comment_status":"closed","ping_status":"closed","sticky":false,"template":"","format":"standard","meta":{"ub_ctt_via":"","_mi_skip_tracking":false},"categories":[2449],"tags":[783],"featured_image_src":"https:\/\/www.messinaoggi.it\/website\/wp-content\/uploads\/2021\/10\/20211015_2050.jpg","author_info":{"display_name":"Admin","author_link":"https:\/\/www.messinaoggi.it\/website\/author\/admin\/"},"digistream_id":0,"digistream":false,"_links":{"self":[{"href":"https:\/\/www.messinaoggi.it\/website\/wp-json\/wp\/v2\/posts\/83737"}],"collection":[{"href":"https:\/\/www.messinaoggi.it\/website\/wp-json\/wp\/v2\/posts"}],"about":[{"href":"https:\/\/www.messinaoggi.it\/website\/wp-json\/wp\/v2\/types\/post"}],"author":[{"embeddable":true,"href":"https:\/\/www.messinaoggi.it\/website\/wp-json\/wp\/v2\/users\/18"}],"replies":[{"embeddable":true,"href":"https:\/\/www.messinaoggi.it\/website\/wp-json\/wp\/v2\/comments?post=83737"}],"version-history":[{"count":0,"href":"https:\/\/www.messinaoggi.it\/website\/wp-json\/wp\/v2\/posts\/83737\/revisions"}],"wp:featuredmedia":[{"embeddable":true,"href":"https:\/\/www.messinaoggi.it\/website\/wp-json\/wp\/v2\/media\/83738"}],"wp:attachment":[{"href":"https:\/\/www.messinaoggi.it\/website\/wp-json\/wp\/v2\/media?parent=83737"}],"wp:term":[{"taxonomy":"category","embeddable":true,"href":"https:\/\/www.messinaoggi.it\/website\/wp-json\/wp\/v2\/categories?post=83737"},{"taxonomy":"post_tag","embeddable":true,"href":"https:\/\/www.messinaoggi.it\/website\/wp-json\/wp\/v2\/tags?post=83737"}],"curies":[{"name":"wp","href":"https:\/\/api.w.org\/{rel}","templated":true}]}}